{"id":47695,"date":"2024-06-18T14:03:49","date_gmt":"2024-06-18T14:03:49","guid":{"rendered":"http:\/\/lahora.mx\/?p=47695"},"modified":"2024-06-18T14:03:49","modified_gmt":"2024-06-18T14:03:49","slug":"el-gobernador-sergio-salomon-encabeza-reunion-con-su-gabinete-para-preparar-entrega-recepcion","status":"publish","type":"post","link":"https:\/\/lahora.mx\/index.php\/2024\/06\/18\/el-gobernador-sergio-salomon-encabeza-reunion-con-su-gabinete-para-preparar-entrega-recepcion\/","title":{"rendered":"El gobernador Sergio Salom\u00f3n encabeza reuni\u00f3n con su gabinete para preparar entrega recepci\u00f3n"},"content":{"rendered":"\n<p>El gobernador, Sergio Salom\u00f3n C\u00e9spedes Peregrina, encabez\u00f3 la primera reuni\u00f3n con el gabinete estatal para preparar la entrega recepci\u00f3n, as\u00ed lo difundi\u00f3 el propio mandatario poblano a trav\u00e9s de su cuenta de X, antes Twitter, en la que public\u00f3 una fotograf\u00eda del encuentro realizado en el Centro Integral de Servicios (CIS) de Angel\u00f3polis.<\/p>\n\n\n\n<p>El titular del ejecutivo dio a conocer que junto con los secretarios y secretarias comenzar\u00e1 a preparar la entrega de la administraci\u00f3n estatal al mandatario electo, Alejandro Armenta Mier, con quien ya tuvo una primera reuni\u00f3n para hablar del tema la semana pasada.<\/p>\n\n\n\n<p>Gobernador de Puebla no ha recibido invitaci\u00f3n para formar parte del gabinete de Sheinbaum<br>\u201cEstaremos trabajando para asegurar que este periodo se lleve a cabo de manera fluida y eficiente, permiti\u00e9ndole al gobernador electo y su equipo de trabajo conocer el estado que guarda la administraci\u00f3n estatal\u201d, escribi\u00f3 en la citada red social.<\/p>\n\n\n\n<p>Sergio Salom\u00f3n se\u00f1al\u00f3 que estas mesas de trabajo para comenzar a afinar la transici\u00f3n son de gran relevancia para la entidad, ya que permitir\u00e1n que la autoridad electa conozca el estado que guarda la administraci\u00f3n p\u00fablica y comience a generar sus proyectos a partir de ello.<\/p>\n\n\n\n<p>\u201cEsta tarea es crucial para que los proyectos del pr\u00f3ximo sexenio est\u00e9n bien estructurados y alineados con las necesidades de las familias poblanas\u201d, acentu\u00f3.<br><\/p>\n\n\n\n<p>Es importante mencionar que el gobernador ha designado al Secretario de Gobernaci\u00f3n, Javier Aquino Lim\u00f3n, como responsable del equipo para la entrega recepci\u00f3n; mientras que el mandatario electo, Alejandro Armenta Mier, design\u00f3 a Rodrigo Abdal\u00e1, quien estar\u00e1 respaldado por Jos\u00e9 Luis Garc\u00eda, Virginia Gonz\u00e1lez y Rebeca Ba\u00f1uelos como secretarios t\u00e9cnicos.<\/p>\n\n\n\n<p>Durante la semana pasada C\u00e9spedes y Armenta sostuvieron la primera reuni\u00f3n de trabajo relacionada con la entrega recepci\u00f3n, en la cual presentaron a quienes dirigir\u00e1n sus equipos de trabajo y dieron a conocer que buscar\u00e1n realizar el cambio de mandato con transparencia y apego a la legalidad.<\/p>\n","protected":false},"excerpt":{"rendered":"<p>El gobernador, Sergio Salom\u00f3n C\u00e9spedes Peregrina, encabez\u00f3 la primera reuni\u00f3n con el gabinete estatal para preparar la entrega recepci\u00f3n, as\u00ed lo difundi\u00f3 el propio mandatario poblano a trav\u00e9s de su cuenta de X, antes Twitter, en la que public\u00f3 una fotograf\u00eda del encuentro realizado en el Centro Integral de Servicios (CIS) de Angel\u00f3polis. El titular [&hellip;]<\/p>\n","protected":false},"author":4,"featured_media":47696,"comment_status":"open","ping_status":"open","sticky":false,"template":"","format":"standard","meta":{"om_disable_all_campaigns":false,"_monsterinsights_skip_tracking":false,"_monsterinsights_sitenote_active":false,"_monsterinsights_sitenote_note":"","_monsterinsights_sitenote_category":0,"footnotes":""},"categories":[175],"tags":[223],"class_list":["post-47695","post","type-post","status-publish","format-standard","has-post-thumbnail","hentry","category-local","tag-puebla"],"amp_enabled":true,"_links":{"self":[{"href":"https:\/\/lahora.mx\/index.php\/wp-json\/wp\/v2\/posts\/47695","targetHints":{"allow":["GET"]}}],"collection":[{"href":"https:\/\/lahora.mx\/index.php\/wp-json\/wp\/v2\/posts"}],"about":[{"href":"https:\/\/lahora.mx\/index.php\/wp-json\/wp\/v2\/types\/post"}],"author":[{"embeddable":true,"href":"https:\/\/lahora.mx\/index.php\/wp-json\/wp\/v2\/users\/4"}],"replies":[{"embeddable":true,"href":"https:\/\/lahora.mx\/index.php\/wp-json\/wp\/v2\/comments?post=47695"}],"version-history":[{"count":1,"href":"https:\/\/lahora.mx\/index.php\/wp-json\/wp\/v2\/posts\/47695\/revisions"}],"predecessor-version":[{"id":47697,"href":"https:\/\/lahora.mx\/index.php\/wp-json\/wp\/v2\/posts\/47695\/revisions\/47697"}],"wp:featuredmedia":[{"embeddable":true,"href":"https:\/\/lahora.mx\/index.php\/wp-json\/wp\/v2\/media\/47696"}],"wp:attachment":[{"href":"https:\/\/lahora.mx\/index.php\/wp-json\/wp\/v2\/media?parent=47695"}],"wp:term":[{"taxonomy":"category","embeddable":true,"href":"https:\/\/lahora.mx\/index.php\/wp-json\/wp\/v2\/categories?post=47695"},{"taxonomy":"post_tag","embeddable":true,"href":"https:\/\/lahora.mx\/index.php\/wp-json\/wp\/v2\/tags?post=47695"}],"curies":[{"name":"wp","href":"https:\/\/api.w.org\/{rel}","templated":true}]}}