{"id":47673,"date":"2024-06-18T00:34:58","date_gmt":"2024-06-18T00:34:58","guid":{"rendered":"http:\/\/lahora.mx\/?p=47673"},"modified":"2024-06-18T00:34:58","modified_gmt":"2024-06-18T00:34:58","slug":"casi-3-mil-aspirantes-se-registran-al-proceso-de-ingreso-ipn-puebla","status":"publish","type":"post","link":"https:\/\/lahora.mx\/index.php\/2024\/06\/18\/casi-3-mil-aspirantes-se-registran-al-proceso-de-ingreso-ipn-puebla\/","title":{"rendered":"Casi 3 mil aspirantes se registran al proceso de ingreso IPN Puebla"},"content":{"rendered":"\n<p>Un total de 2 mil 970 aspirantes realizaron el registro para el \u201cProceso de Admisi\u00f3n 2024-2025\u201d en el Instituto Polit\u00e9cnico Nacional (IPN) campus Puebla, del 20 de mayo al 13 de junio.<\/p>\n\n\n\n<p>De esa cantidad, 2 mil 551 son poblanos y 419 fueron solicitantes de otras entidades.<\/p>\n\n\n\n<p>En cuanto a los registros, 1 mil 433 j\u00f3venes solicitaron ingresar a las ingenier\u00edas y 1 mil 118 al Centro de Estudios Cient\u00edficos y Tecnol\u00f3gicos (CECYT) 20.<\/p>\n\n\n\n<p>Las y los aspirantes deben tomar en cuenta la siguiente fecha para el examen de admisi\u00f3n, que ser\u00e1 aplicado en l\u00ednea el 29 de junio, y posteriormente podr\u00e1n consultar los resultados en la p\u00e1gina www.ipn.mx a partir del 13 de julio.<\/p>\n\n\n\n<p>Mientras que el inicio del ciclo escolar ser\u00e1 el pr\u00f3ximo 26 de agosto.<\/p>\n\n\n\n<p>La Secretar\u00eda de Educaci\u00f3n P\u00fablica (SEP) advierte que, para el nivel Medio Superior, el ingreso ser\u00e1 al CECYT 20 \u201cNatalia Serd\u00e1n Alatriste\u201d; y para Superior a la Unidad Profesional Interdisciplinaria de Ingenier\u00eda \u201cAlejo Peralta\u201d.<\/p>\n","protected":false},"excerpt":{"rendered":"<p>Un total de 2 mil 970 aspirantes realizaron el registro para el \u201cProceso de Admisi\u00f3n 2024-2025\u201d en el Instituto Polit\u00e9cnico Nacional (IPN) campus Puebla, del 20 de mayo al 13 de junio. De esa cantidad, 2 mil 551 son poblanos y 419 fueron solicitantes de otras entidades. En cuanto a los registros, 1 mil 433 [&hellip;]<\/p>\n","protected":false},"author":4,"featured_media":47674,"comment_status":"open","ping_status":"open","sticky":false,"template":"","format":"standard","meta":{"om_disable_all_campaigns":false,"_monsterinsights_skip_tracking":false,"_monsterinsights_sitenote_active":false,"_monsterinsights_sitenote_note":"","_monsterinsights_sitenote_category":0,"footnotes":""},"categories":[175],"tags":[195,223],"class_list":["post-47673","post","type-post","status-publish","format-standard","has-post-thumbnail","hentry","category-local","tag-principal","tag-puebla"],"amp_enabled":true,"_links":{"self":[{"href":"https:\/\/lahora.mx\/index.php\/wp-json\/wp\/v2\/posts\/47673","targetHints":{"allow":["GET"]}}],"collection":[{"href":"https:\/\/lahora.mx\/index.php\/wp-json\/wp\/v2\/posts"}],"about":[{"href":"https:\/\/lahora.mx\/index.php\/wp-json\/wp\/v2\/types\/post"}],"author":[{"embeddable":true,"href":"https:\/\/lahora.mx\/index.php\/wp-json\/wp\/v2\/users\/4"}],"replies":[{"embeddable":true,"href":"https:\/\/lahora.mx\/index.php\/wp-json\/wp\/v2\/comments?post=47673"}],"version-history":[{"count":1,"href":"https:\/\/lahora.mx\/index.php\/wp-json\/wp\/v2\/posts\/47673\/revisions"}],"predecessor-version":[{"id":47675,"href":"https:\/\/lahora.mx\/index.php\/wp-json\/wp\/v2\/posts\/47673\/revisions\/47675"}],"wp:featuredmedia":[{"embeddable":true,"href":"https:\/\/lahora.mx\/index.php\/wp-json\/wp\/v2\/media\/47674"}],"wp:attachment":[{"href":"https:\/\/lahora.mx\/index.php\/wp-json\/wp\/v2\/media?parent=47673"}],"wp:term":[{"taxonomy":"category","embeddable":true,"href":"https:\/\/lahora.mx\/index.php\/wp-json\/wp\/v2\/categories?post=47673"},{"taxonomy":"post_tag","embeddable":true,"href":"https:\/\/lahora.mx\/index.php\/wp-json\/wp\/v2\/tags?post=47673"}],"curies":[{"name":"wp","href":"https:\/\/api.w.org\/{rel}","templated":true}]}}