{"id":47670,"date":"2024-06-18T00:31:13","date_gmt":"2024-06-18T00:31:13","guid":{"rendered":"http:\/\/lahora.mx\/?p=47670"},"modified":"2024-06-18T00:31:13","modified_gmt":"2024-06-18T00:31:13","slug":"se-deslinda-morena-puebla-del-edil-de-zapotitlan-senalado-de-presunto-homicidio","status":"publish","type":"post","link":"https:\/\/lahora.mx\/index.php\/2024\/06\/18\/se-deslinda-morena-puebla-del-edil-de-zapotitlan-senalado-de-presunto-homicidio\/","title":{"rendered":"Se deslinda Morena Puebla del edil de Zapotitl\u00e1n se\u00f1alado de presunto homicidio"},"content":{"rendered":"\n<p>La presidenta estatal de Morena, Olga Luc\u00eda Romero Garci-Crespo deslind\u00f3 al partido, del actuar del presidente municipal de Zapotitl\u00e1n de M\u00e9ndez, Emiliano V\u00e1zquez, quien presuntamente particip\u00f3 en el homicidio del chofer del candidato del Partido del Trabajo el 1 de junio.<\/p>\n\n\n\n<p>En entrevista la dirigente se\u00f1al\u00f3 que deben ser las autoridades quienes realicen las investigaciones correspondientes para esclarecer los hechos, pero el partido es ajeno al actuar de los militantes.<\/p>\n\n\n\n<p>Se\u00f1al\u00f3 que el actuar de un militante, de cualquier partido pol\u00edtico, no representa al mismo, y en el caso de Morena es un movimiento que va m\u00e1s all\u00e1, y que se ha consolidado con los \u00faltimos resultados.<\/p>\n\n\n\n<p>Insisti\u00f3 en que no se puede responsabilizar a un partido de lo que hagan sus miembros, pero est\u00e1n las autoridades correspondientes las que tienen que resolver el caso.<\/p>\n\n\n\n<p>Referente a las impugnaciones y elecciones extraordinarias que habr\u00e1, la dirigente del partido anunci\u00f3 que ser\u00e1 durante el martes cuando se den a conocer los resultados finales una vez que concluyeron los c\u00f3mputos supletorios.<\/p>\n\n\n\n<p>Dijo que el partido es respetuoso de las decisiones de las instituciones y ser\u00e1 el equipo jur\u00eddico el que se encargue de los aspectos legales.<\/p>\n\n\n\n<p>Coment\u00f3 que despu\u00e9s del proceso electoral lo que se ha hecho es acompa\u00f1ar al gobernador electo a las reuniones que ha sostenido con los sectores de la sociedad, y destac\u00f3 el tema de los ind\u00edgenas luego de las reuniones en Zautla, y La Resurrecci\u00f3n.<\/p>\n","protected":false},"excerpt":{"rendered":"<p>La presidenta estatal de Morena, Olga Luc\u00eda Romero Garci-Crespo deslind\u00f3 al partido, del actuar del presidente municipal de Zapotitl\u00e1n de M\u00e9ndez, Emiliano V\u00e1zquez, quien presuntamente particip\u00f3 en el homicidio del chofer del candidato del Partido del Trabajo el 1 de junio. En entrevista la dirigente se\u00f1al\u00f3 que deben ser las autoridades quienes realicen las investigaciones [&hellip;]<\/p>\n","protected":false},"author":4,"featured_media":47671,"comment_status":"open","ping_status":"open","sticky":false,"template":"","format":"standard","meta":{"om_disable_all_campaigns":false,"_monsterinsights_skip_tracking":false,"_monsterinsights_sitenote_active":false,"_monsterinsights_sitenote_note":"","_monsterinsights_sitenote_category":0,"footnotes":""},"categories":[175],"tags":[195,223],"class_list":["post-47670","post","type-post","status-publish","format-standard","has-post-thumbnail","hentry","category-local","tag-principal","tag-puebla"],"amp_enabled":true,"_links":{"self":[{"href":"https:\/\/lahora.mx\/index.php\/wp-json\/wp\/v2\/posts\/47670","targetHints":{"allow":["GET"]}}],"collection":[{"href":"https:\/\/lahora.mx\/index.php\/wp-json\/wp\/v2\/posts"}],"about":[{"href":"https:\/\/lahora.mx\/index.php\/wp-json\/wp\/v2\/types\/post"}],"author":[{"embeddable":true,"href":"https:\/\/lahora.mx\/index.php\/wp-json\/wp\/v2\/users\/4"}],"replies":[{"embeddable":true,"href":"https:\/\/lahora.mx\/index.php\/wp-json\/wp\/v2\/comments?post=47670"}],"version-history":[{"count":1,"href":"https:\/\/lahora.mx\/index.php\/wp-json\/wp\/v2\/posts\/47670\/revisions"}],"predecessor-version":[{"id":47672,"href":"https:\/\/lahora.mx\/index.php\/wp-json\/wp\/v2\/posts\/47670\/revisions\/47672"}],"wp:featuredmedia":[{"embeddable":true,"href":"https:\/\/lahora.mx\/index.php\/wp-json\/wp\/v2\/media\/47671"}],"wp:attachment":[{"href":"https:\/\/lahora.mx\/index.php\/wp-json\/wp\/v2\/media?parent=47670"}],"wp:term":[{"taxonomy":"category","embeddable":true,"href":"https:\/\/lahora.mx\/index.php\/wp-json\/wp\/v2\/categories?post=47670"},{"taxonomy":"post_tag","embeddable":true,"href":"https:\/\/lahora.mx\/index.php\/wp-json\/wp\/v2\/tags?post=47670"}],"curies":[{"name":"wp","href":"https:\/\/api.w.org\/{rel}","templated":true}]}}