{"id":47667,"date":"2024-06-18T00:28:25","date_gmt":"2024-06-18T00:28:25","guid":{"rendered":"http:\/\/lahora.mx\/?p=47667"},"modified":"2024-06-18T00:28:26","modified_gmt":"2024-06-18T00:28:26","slug":"pide-armenta-mier-respetar-decision-del-iee-para-repetir-eleccion-en-dos-municipios","status":"publish","type":"post","link":"https:\/\/lahora.mx\/index.php\/2024\/06\/18\/pide-armenta-mier-respetar-decision-del-iee-para-repetir-eleccion-en-dos-municipios\/","title":{"rendered":"Pide Armenta Mier respetar decisi\u00f3n del IEE para repetir elecci\u00f3n en dos municipios"},"content":{"rendered":"\n<p>Ante la pr\u00f3xima realizaci\u00f3n de elecciones extraordinarias para las presidencias municipales de Chignahuapan y Venustiano Carranza, el gobernador electo, Alejandro Armenta Mier, consider\u00f3 que se trata de circunstancias normales, ajenas a los partidos pol\u00edticos y pidi\u00f3 respetar la decisi\u00f3n de la autoridad electoral.<br><\/p>\n\n\n\n<p>El Senador de la Rep\u00fablica con licencia expuso que, a lo largo de su trayectoria pol\u00edtica ha sido testigo de que las elecciones extraordinarias ocurren en cada contienda, as\u00ed que son algo \u201cnormal\u201d, aunque no debe minimizarse.<\/p>\n\n\n\n<p>\u201cNo es nada extraordinario que dos municipios se vayan a elecci\u00f3n extraordinaria porque as\u00ed sucedieron las cosas y los \u00f3rganos electorales tomaron esa decisi\u00f3n con todo un criterio jur\u00eddico, se rompi\u00f3 la cadena de custodia y eso impidi\u00f3 que se llevaran los puntos, punto\u201d, expres\u00f3 en conferencia de prensa.<br><\/p>\n\n\n\n<p>En ese sentido, hizo un llamado a los partidos pol\u00edticos para seguir los tiempos y procedimientos de la autoridad electoral, as\u00ed como para acatar sus determinaciones sobre la reposici\u00f3n de elecciones, despu\u00e9s de que el Instituto Electoral del Estado (IEE) invalid\u00f3 la elecci\u00f3n en Chignahuapan y Venustiano Carranza.<\/p>\n\n\n\n<p>Hay que respetar a la autoridad electoral, esto no tiene nada que ver con los partidos, es una resoluci\u00f3n de la m\u00e1xima autoridad que son los \u00f3rganos electorales, y hay que acatarlo (\u2026)pero es algo normal<br>opin\u00f3.<\/p>\n\n\n\n<p>Por la presidencia municipal de Chignahuapan contendieron Jos\u00e9 Lorenzo Rivera Sosa, exdirigente estatal del PRI y pap\u00e1 de Lorenzo Rivera Nava, alcalde del municipio con licencia y diputado local electo. Clara Sosa Flores por Movimiento Ciudadano, Jos\u00e9 Pedro Fern\u00e1ndez Moreno del partido Pacto Social de Integraci\u00f3n (PSI), Juan Rivera Trejo por Morena, y Mario Luis Olvera Cort\u00e9s cobijado por el PAN y PRD.<\/p>\n\n\n\n<p>En el caso de V. Carranza los cuadros fueron los siguientes: Ernesto Garc\u00eda Rodr\u00edguez por Morena, PT, PVEM, Nueva Alianza y Fuerza por M\u00e9xico, Marco Antonio Valencia \u00c1vila por PAN, PRI, PRD y PSI, as\u00ed como Jessica Vargas Varona de MC.<\/p>\n\n\n\n<p>No regresar\u00e1 al Senado<br>En la misma conferencia de prensa, Alejandro Armenta confirm\u00f3 que no regresar\u00e1 al Senado de la Rep\u00fablica para dedicarse de lleno al proceso de transici\u00f3n, despu\u00e9s de resultar victorioso en la elecci\u00f3n del pasado 2 de junio. Ante esto, su suplente, Jes\u00fas Encinas Meneses, terminar\u00e1 la legislatura en la C\u00e1mara Alta.<br><\/p>\n\n\n\n<p>El pr\u00f3ximo gobernador se dijo respetuoso de que los perfiles de la 4T que ten\u00edan un cargo volvieran al mismo tras la contienda, porque son decisiones personales: \u201cCada quien toma sus decisiones, yo siento que esa es una cuesti\u00f3n de cada quien, nosotros estamos enfocados en el tema de la transici\u00f3n, y en el proceso de arranque de la administraci\u00f3n\u201d, dijo.<\/p>\n\n\n\n<p>Al interior del Congreso del Estado y las presidencias municipales se registr\u00f3 esta situaci\u00f3n. En el caso del Legislativo, Eduardo Castillo L\u00f3pez, Adolfo Alatriste Cant\u00fa, Iv\u00e1n Herrera Villag\u00f3mez y M\u00f3nica Silva Ruiz, pidieron licencia en el proceso electoral, y al concluir el mismo, volvieron para terminar su legislatura, y nuevamente percibir su sueldo.<\/p>\n\n\n\n<p>Armenta ya valora perfiles para su gabinete<br>La presentaci\u00f3n del gabinete de la virtual presidenta, Claudia Sheinbaum Pardo, marcar\u00e1 la pauta para que el pr\u00f3ximo gobernador, Alejandro Armenta Mier, de a conocer al equipo que lo acompa\u00f1ar\u00e1 en su administraci\u00f3n, confirm\u00f3 el morenista, al tiempo de precisar que ya valora perfiles.<\/p>\n\n\n\n<p>Resalt\u00f3 que es respetuoso de las formas, y dar\u00e1 a conocer los nombramientos despu\u00e9s de que la doctora haga lo propio para los cargos federales. Expuso que, a comparaci\u00f3n de otras administraciones, donde se anunciaba a los perfiles de las cartetas hasta el d\u00eda de la toma de protesta, dar\u00e1 a conocer en breve a su gabinete, porque as\u00ed tienen varios meses de preparase y planear lo que realizar\u00e1n.<\/p>\n\n\n\n<p>\u201cEs claro que seis meses pueden ser una enorme oportunidad para que no solamente el gobernador electo sino todo el gabinete asuma la responsabilidad en t\u00e9rminos de planeaci\u00f3n de cara al 14 de diciembre\u201d, mencion\u00f3 en conferencia de prensa.<\/p>\n\n\n\n<p>Record\u00f3 que el pr\u00f3ximo secretario de Seguridad ser\u00e1 consensuado con la sucesora de Andr\u00e9s Manuel L\u00f3pez Obrador, y todav\u00eda no hay nada seguro. Por separado, el coordinador del equipo de transici\u00f3n, Rodrigo Abdala Dartigues, dej\u00f3 entrever su inter\u00e9s, pero reiter\u00f3 que ser\u00e1 decisi\u00f3n de Alejandro Armenta.<\/p>\n\n\n\n<p>El gobernador electo adelant\u00f3 que esta semana se empatar\u00e1n los trabajos de transici\u00f3n para iniciar con un buen ritmo el sexenio, y comenzar a cumplir con las promesas y compromisos generados en la campa\u00f1a.<\/p>\n\n\n\n<p>A\u00fan no sabe desde d\u00f3nde despachar\u00e1<br>Respecto a la oficina desde que despachar\u00e1, se\u00f1al\u00f3 que todav\u00eda no lo tiene definido, aunque es un tema poco relevante para \u00e9l, debido a que es un perfil de territorio, porque estar con la gente le permite escuchar a la poblaci\u00f3n, y salirse de la burbuja.<\/p>\n\n\n\n<p>\u201cYo soy m\u00e1s de territorio y menos de escritorio, solo lo uso para planear, no me siento emperador, no me gusta sentarme tantas horas, me da\u00f1a el cuerpo, entonces hay que estar en campo, ah\u00ed escuchas a la gente, dialogas\u201d, opin\u00f3.<\/p>\n\n\n\n<p>Despu\u00e9s de mantenerse en reposo por la operaci\u00f3n de su tobillo, Alejandro Armenta retom\u00f3 sus actividades presenciales. La semana pasada tuvo una reuni\u00f3n con los diputados locales y federales electos de la 4T, junto con el mandatario estatal, Sergio Salom\u00f3n C\u00e9spedes Peregrina, el fin de semana se reuni\u00f3 con gente de los pueblos originarios, y esta semana tendr\u00e1 una gira de dos d\u00edas en Nueva York, Estados Unidos (EU), para reunirse con el alcalde, Eric Adams, con los integrantes de las c\u00e1maras empresariales y los poblanos que est\u00e1n en el pa\u00eds vecino.<\/p>\n\n\n\n<p>\u201cEsta visita la ten\u00edamos programada para mayo, en plena campa\u00f1a, pero ya no pudimos ir por muchas razones y el ritmo, pero, hoy la retomamos (\u2026) pertenezco a una comunidad migrante, y eso nos permite una cercan\u00eda con ellos\u201d, dijo.<\/p>\n\n\n\n<p>Puntualiz\u00f3 que le interesa llevar la propuesta de los agroparques y la f\u00e1brica de paneles solares, porque existe un gran deseo de participaci\u00f3n en el desarrollo econ\u00f3mico. De igual forma, adelant\u00f3 que tendr\u00e1 una gira de agradecimiento en los 26 distritos locales de Puebla, aunque ser\u00e1 despu\u00e9s de consolidar el proceso de transici\u00f3n.<\/p>\n","protected":false},"excerpt":{"rendered":"<p>Ante la pr\u00f3xima realizaci\u00f3n de elecciones extraordinarias para las presidencias municipales de Chignahuapan y Venustiano Carranza, el gobernador electo, Alejandro Armenta Mier, consider\u00f3 que se trata de circunstancias normales, ajenas a los partidos pol\u00edticos y pidi\u00f3 respetar la decisi\u00f3n de la autoridad electoral. El Senador de la Rep\u00fablica con licencia expuso que, a lo largo [&hellip;]<\/p>\n","protected":false},"author":4,"featured_media":47668,"comment_status":"open","ping_status":"open","sticky":false,"template":"","format":"standard","meta":{"om_disable_all_campaigns":false,"_monsterinsights_skip_tracking":false,"_monsterinsights_sitenote_active":false,"_monsterinsights_sitenote_note":"","_monsterinsights_sitenote_category":0,"footnotes":""},"categories":[175],"tags":[223],"class_list":["post-47667","post","type-post","status-publish","format-standard","has-post-thumbnail","hentry","category-local","tag-puebla"],"amp_enabled":true,"_links":{"self":[{"href":"https:\/\/lahora.mx\/index.php\/wp-json\/wp\/v2\/posts\/47667","targetHints":{"allow":["GET"]}}],"collection":[{"href":"https:\/\/lahora.mx\/index.php\/wp-json\/wp\/v2\/posts"}],"about":[{"href":"https:\/\/lahora.mx\/index.php\/wp-json\/wp\/v2\/types\/post"}],"author":[{"embeddable":true,"href":"https:\/\/lahora.mx\/index.php\/wp-json\/wp\/v2\/users\/4"}],"replies":[{"embeddable":true,"href":"https:\/\/lahora.mx\/index.php\/wp-json\/wp\/v2\/comments?post=47667"}],"version-history":[{"count":1,"href":"https:\/\/lahora.mx\/index.php\/wp-json\/wp\/v2\/posts\/47667\/revisions"}],"predecessor-version":[{"id":47669,"href":"https:\/\/lahora.mx\/index.php\/wp-json\/wp\/v2\/posts\/47667\/revisions\/47669"}],"wp:featuredmedia":[{"embeddable":true,"href":"https:\/\/lahora.mx\/index.php\/wp-json\/wp\/v2\/media\/47668"}],"wp:attachment":[{"href":"https:\/\/lahora.mx\/index.php\/wp-json\/wp\/v2\/media?parent=47667"}],"wp:term":[{"taxonomy":"category","embeddable":true,"href":"https:\/\/lahora.mx\/index.php\/wp-json\/wp\/v2\/categories?post=47667"},{"taxonomy":"post_tag","embeddable":true,"href":"https:\/\/lahora.mx\/index.php\/wp-json\/wp\/v2\/tags?post=47667"}],"curies":[{"name":"wp","href":"https:\/\/api.w.org\/{rel}","templated":true}]}}