{"id":47638,"date":"2024-06-17T16:34:00","date_gmt":"2024-06-17T16:34:00","guid":{"rendered":"http:\/\/lahora.mx\/?p=47638"},"modified":"2024-06-17T16:34:00","modified_gmt":"2024-06-17T16:34:00","slug":"el-74-de-hoteles-ya-operan-en-acapulco-tras-paso-de-otis","status":"publish","type":"post","link":"https:\/\/lahora.mx\/index.php\/2024\/06\/17\/el-74-de-hoteles-ya-operan-en-acapulco-tras-paso-de-otis\/","title":{"rendered":"El 74% de hoteles ya operan en Acapulco tras paso de &#8216;Otis&#8217;"},"content":{"rendered":"\n<p class=\"wp-block-paragraph\">Este lunes 17 de junio, la gobernadora de Guerrero, Evelyn Salgado Pineda, brind\u00f3 un informe sobre el estado que guarda la entidad tras el paso del hurac\u00e1n Otis que sacudi\u00f3 a Acapulco y Coyuca de Ben\u00edtez en el mes de octubre de 2023.<\/p>\n\n\n\n<p class=\"wp-block-paragraph\">En este sentido, la funcionaria indic\u00f3 que tras el paso del fen\u00f3meno natural se han reabierto el 74 por ciento de los hoteles, cuatro m\u00e1s que el mes pasado, lo que representa 9 mil 899 habitaciones disponibles.<\/p>\n\n\n\n<p class=\"wp-block-paragraph\">Contamos con 206 hoteles operando, cuatro m\u00e1s que en mayo y 9 mil 899 habitaciones, 438 m\u00e1s que el mes pasado. Estos se encuentran distribuidos 66 en la zona tradicional, 82 en la zona dorada, 25 en diamante y 23 en Pie de la Cuesta. Representando un 74% de los hoteles registrados en las dependencias de turismo municipal, estatal y federal\u201d, estableci\u00f3 Salgado Pineda.<\/p>\n\n\n\n<p class=\"wp-block-paragraph\">Adem\u00e1s de estos datos, la gobernadora aprovech\u00f3 la tribuna de Palacio Nacional y en presencia del presidente de M\u00e9xico, Andr\u00e9s Manuel L\u00f3pez Obrador y parte de su gabinete federal, refiri\u00f3 que se ha reactivado el 97.3% del comercio tanto en Acapulco como en Coyuca de Ben\u00edtez.<\/p>\n\n\n\n<p class=\"wp-block-paragraph\">Trabajos sanitarios en Acapulco<br>Aunado a lo anterior, la gobernadora guerrerense se\u00f1al\u00f3 que tras el paso del fen\u00f3meno se han recolectado m\u00e1s de 263 mil toneladas de basura luego de la llegada del hurac\u00e1n en Acapulco.<\/p>\n\n\n\n<p class=\"wp-block-paragraph\">En este contexto, Salgado Pineda destac\u00f3 que estas acciones se han logrado gracias al apoyo de los funcionarios p\u00fablicos y los servidores de la naci\u00f3n, as\u00ed como de la misma poblaci\u00f3n del puerto, quien en todo momento ha cooperado para el restablecimiento de las actividades tur\u00edsticas y comerciales del puerto y de Coyuca.<\/p>\n","protected":false},"excerpt":{"rendered":"<p>Este lunes 17 de junio, la gobernadora de Guerrero, Evelyn Salgado Pineda, brind\u00f3 un informe sobre el estado que guarda la entidad tras el paso del hurac\u00e1n Otis que sacudi\u00f3 a Acapulco y Coyuca de Ben\u00edtez en el mes de octubre de 2023. En este sentido, la funcionaria indic\u00f3 que tras el paso del fen\u00f3meno [&hellip;]<\/p>\n","protected":false},"author":4,"featured_media":47639,"comment_status":"open","ping_status":"open","sticky":false,"template":"","format":"standard","meta":{"om_disable_all_campaigns":false,"_monsterinsights_skip_tracking":false,"footnotes":""},"categories":[176],"tags":[223],"class_list":["post-47638","post","type-post","status-publish","format-standard","has-post-thumbnail","hentry","category-nacional","tag-puebla"],"amp_enabled":true,"_links":{"self":[{"href":"https:\/\/lahora.mx\/index.php\/wp-json\/wp\/v2\/posts\/47638","targetHints":{"allow":["GET"]}}],"collection":[{"href":"https:\/\/lahora.mx\/index.php\/wp-json\/wp\/v2\/posts"}],"about":[{"href":"https:\/\/lahora.mx\/index.php\/wp-json\/wp\/v2\/types\/post"}],"author":[{"embeddable":true,"href":"https:\/\/lahora.mx\/index.php\/wp-json\/wp\/v2\/users\/4"}],"replies":[{"embeddable":true,"href":"https:\/\/lahora.mx\/index.php\/wp-json\/wp\/v2\/comments?post=47638"}],"version-history":[{"count":1,"href":"https:\/\/lahora.mx\/index.php\/wp-json\/wp\/v2\/posts\/47638\/revisions"}],"predecessor-version":[{"id":47640,"href":"https:\/\/lahora.mx\/index.php\/wp-json\/wp\/v2\/posts\/47638\/revisions\/47640"}],"wp:featuredmedia":[{"embeddable":true,"href":"https:\/\/lahora.mx\/index.php\/wp-json\/wp\/v2\/media\/47639"}],"wp:attachment":[{"href":"https:\/\/lahora.mx\/index.php\/wp-json\/wp\/v2\/media?parent=47638"}],"wp:term":[{"taxonomy":"category","embeddable":true,"href":"https:\/\/lahora.mx\/index.php\/wp-json\/wp\/v2\/categories?post=47638"},{"taxonomy":"post_tag","embeddable":true,"href":"https:\/\/lahora.mx\/index.php\/wp-json\/wp\/v2\/tags?post=47638"}],"curies":[{"name":"wp","href":"https:\/\/api.w.org\/{rel}","templated":true}]}}