{"id":47601,"date":"2024-06-16T21:45:59","date_gmt":"2024-06-16T21:45:59","guid":{"rendered":"http:\/\/lahora.mx\/?p=47601"},"modified":"2024-06-16T21:45:59","modified_gmt":"2024-06-16T21:45:59","slug":"en-coahuila-claudia-sheinbaum-visito-nuevo-hospital-junto-a-lopez-obrador","status":"publish","type":"post","link":"https:\/\/lahora.mx\/index.php\/2024\/06\/16\/en-coahuila-claudia-sheinbaum-visito-nuevo-hospital-junto-a-lopez-obrador\/","title":{"rendered":"En Coahuila, Claudia Sheinbaum visit\u00f3 nuevo hospital junto a L\u00f3pez Obrador"},"content":{"rendered":"\n<p>La virtual presidenta electa, Claudia Sheinbaum, visit\u00f3 junto al presidente, Andr\u00e9s Manuel L\u00f3pez Obrador uno de los seis nuevos hospitales del Issste que ser\u00e1n inaugurados pr\u00f3ximamente.<\/p>\n\n\n\n<p>La exjefa de Gobierno de la Ciudad de M\u00e9xico inform\u00f3 mediante su cuenta oficial de X que viaj\u00f3 por tierra con el presidente L\u00f3pez Obrador, Nuevo Laredo a Torre\u00f3n, Coahuila, en donde celebr\u00f3 que dichos centros m\u00e9dicos ser\u00e1n inaugurados como parte de los trabajos para el rescate y mejora de esta instituci\u00f3n de salud.<\/p>\n\n\n\n<p>Nos trasladamos por tierra de Nuevo Laredo a Torre\u00f3n, Coahuila, para acompa\u00f1ar al presidente a la evaluaci\u00f3n de los avances del rescate y mejora del ISSSTE. Lo hicimos en uno de los 6 nuevos hospitales del Issste que ya est\u00e1 por inaugurarse\u2019\u2019, comparti\u00f3 en sus redes sociales.<br>Sheinbaum Pardo celebr\u00f3 que en la administraci\u00f3n del presidente Andr\u00e9s Manuel L\u00f3pez Obrador \u201cla salud ha comenzado a ser un derecho de todas y todos los mexicanos\u201d tras a\u00f1os de privatizaci\u00f3n.<\/p>\n\n\n\n<p>Puntualiz\u00f3 que durante su administraci\u00f3n esto ser\u00e1 consolidado para que sean cada vez m\u00e1s las personas que tengan acceso a una atenci\u00f3n m\u00e9dica de calidad.<\/p>\n\n\n\n<p>El sistema de salud es lo que m\u00e1s abandon\u00f3 y privatiz\u00f3 el antiguo periodo neoliberal. Poco a poco lo ha ido rescatando el presidente @lopezobrador_. A nosotros nos tocar\u00e1 consolidarlo y seguir avanzando. El acceso a la salud es un derecho, no es ni una mercanc\u00eda ni un privilegio\u2019\u2019, puntualiz\u00f3.<\/p>\n","protected":false},"excerpt":{"rendered":"<p>La virtual presidenta electa, Claudia Sheinbaum, visit\u00f3 junto al presidente, Andr\u00e9s Manuel L\u00f3pez Obrador uno de los seis nuevos hospitales del Issste que ser\u00e1n inaugurados pr\u00f3ximamente. La exjefa de Gobierno de la Ciudad de M\u00e9xico inform\u00f3 mediante su cuenta oficial de X que viaj\u00f3 por tierra con el presidente L\u00f3pez Obrador, Nuevo Laredo a Torre\u00f3n, [&hellip;]<\/p>\n","protected":false},"author":4,"featured_media":47602,"comment_status":"open","ping_status":"open","sticky":false,"template":"","format":"standard","meta":{"om_disable_all_campaigns":false,"_monsterinsights_skip_tracking":false,"_monsterinsights_sitenote_active":false,"_monsterinsights_sitenote_note":"","_monsterinsights_sitenote_category":0,"footnotes":""},"categories":[175],"tags":[223],"class_list":["post-47601","post","type-post","status-publish","format-standard","has-post-thumbnail","hentry","category-local","tag-puebla"],"amp_enabled":true,"_links":{"self":[{"href":"https:\/\/lahora.mx\/index.php\/wp-json\/wp\/v2\/posts\/47601","targetHints":{"allow":["GET"]}}],"collection":[{"href":"https:\/\/lahora.mx\/index.php\/wp-json\/wp\/v2\/posts"}],"about":[{"href":"https:\/\/lahora.mx\/index.php\/wp-json\/wp\/v2\/types\/post"}],"author":[{"embeddable":true,"href":"https:\/\/lahora.mx\/index.php\/wp-json\/wp\/v2\/users\/4"}],"replies":[{"embeddable":true,"href":"https:\/\/lahora.mx\/index.php\/wp-json\/wp\/v2\/comments?post=47601"}],"version-history":[{"count":1,"href":"https:\/\/lahora.mx\/index.php\/wp-json\/wp\/v2\/posts\/47601\/revisions"}],"predecessor-version":[{"id":47603,"href":"https:\/\/lahora.mx\/index.php\/wp-json\/wp\/v2\/posts\/47601\/revisions\/47603"}],"wp:featuredmedia":[{"embeddable":true,"href":"https:\/\/lahora.mx\/index.php\/wp-json\/wp\/v2\/media\/47602"}],"wp:attachment":[{"href":"https:\/\/lahora.mx\/index.php\/wp-json\/wp\/v2\/media?parent=47601"}],"wp:term":[{"taxonomy":"category","embeddable":true,"href":"https:\/\/lahora.mx\/index.php\/wp-json\/wp\/v2\/categories?post=47601"},{"taxonomy":"post_tag","embeddable":true,"href":"https:\/\/lahora.mx\/index.php\/wp-json\/wp\/v2\/tags?post=47601"}],"curies":[{"name":"wp","href":"https:\/\/api.w.org\/{rel}","templated":true}]}}