{"id":47581,"date":"2024-06-15T01:55:45","date_gmt":"2024-06-15T01:55:45","guid":{"rendered":"http:\/\/lahora.mx\/?p=47581"},"modified":"2024-06-15T01:55:45","modified_gmt":"2024-06-15T01:55:45","slug":"sheinbaum-se-compromete-a-dar-continuidad-a-rescata-en-pasta-de-conchos","status":"publish","type":"post","link":"https:\/\/lahora.mx\/index.php\/2024\/06\/15\/sheinbaum-se-compromete-a-dar-continuidad-a-rescata-en-pasta-de-conchos\/","title":{"rendered":"Sheinbaum se compromete a dar continuidad a rescata en Pasta de Conchos"},"content":{"rendered":"\n<p>La virtual presidenta electa, Claudia Sheinbaum, se comprometi\u00f3 a continuar con el rescate de los cuerpos de los mineros atrapados en la mina Pasta de Conchos en 2006.<\/p>\n\n\n\n<p>Desde San Juan de Sabinas, Coahuila, Claudia Sheinbaum manifest\u00f3 que en caso de que la administraci\u00f3n del presidente Andr\u00e9s Manuel L\u00f3pez Obrador no concluya con los trabajos, ella lo seguir\u00e1 para darle justicia a las familias de los mineros.<\/p>\n\n\n\n<p>La ex jefa de Gobierno de la Ciudad de M\u00e9xico destac\u00f3 que el caso de Pasta de Conchos ha sido un dolor compartido para el pa\u00eds a 18 a\u00f1os de que 65 mineros quedaron atrapados por una explosi\u00f3n.<\/p>\n\n\n\n<p>Sheinbaum enfatiz\u00f3 que el movimiento de la Transformaci\u00f3n no tolera la indiferencia ante el dolor.<\/p>\n\n\n\n<p>Acompa\u00f1ada del presidente Andr\u00e9s Manuel L\u00f3pez Obrador, la ganadora presidencial, expres\u00f3 que continuar\u00e1 con el compromiso del jefe del Ejecutivo, \u201ccon la misma voluntad\u201d.<\/p>\n\n\n\n<p>Ante esposas, madres, hermanas, hijas e hijos de los trabajadores atrapados, la ex jefa de Gobierno de la Ciudad de M\u00e9xico destac\u00f3 que el caso de Pasta de Conchos ha sido un dolor compartido para el pa\u00eds a 18 a\u00f1os de que los 65 mineros que fallecieron en el colapso de la mina, de los cuales 63 siguen sin recuperarse.<\/p>\n\n\n\n<p>\u00abSiento tambi\u00e9n su dolor, que ha sido desde hace 18 a\u00f1os uno de los dolores m\u00e1s grandes, no solamente de ustedes, de sus familias, sino que es un dolor que tambi\u00e9n ha marcado a nuestro pa\u00eds\u00bb, enfatiz\u00f3.<\/p>\n\n\n\n<p>Claudia Sheinbaum extern\u00f3 que es una obligaci\u00f3n como parte del humanismo y la fraternidad, que son principios del movimiento, el de la Cuarta Transformaci\u00f3n, el no tolerar la indiferencia ante el dolor, por lo que el compromiso contin\u00faa para dar certeza a las familias de las v\u00edctimas.<\/p>\n\n\n\n<p>En sus discursos, Claudia Escobar Pacheco, esposa de Ra\u00fal Villasana Cant\u00fa; A\u00edda Griselda Far\u00edas, viuda de Eliud Valero Valero; Mar\u00eda Trinidad Cant\u00fa Cort\u00e9s, mam\u00e1 del minero Ra\u00fal Villasana, reconocieron el apoyo que ha brindado el gobierno del presidente Andr\u00e9s Manuel L\u00f3pez Obrador para recuperar los restos de sus familiares, as\u00ed como su confianza en que Claudia Sheinbaum pueda dar continuidad a los trabajos.<\/p>\n","protected":false},"excerpt":{"rendered":"<p>La virtual presidenta electa, Claudia Sheinbaum, se comprometi\u00f3 a continuar con el rescate de los cuerpos de los mineros atrapados en la mina Pasta de Conchos en 2006. Desde San Juan de Sabinas, Coahuila, Claudia Sheinbaum manifest\u00f3 que en caso de que la administraci\u00f3n del presidente Andr\u00e9s Manuel L\u00f3pez Obrador no concluya con los trabajos, [&hellip;]<\/p>\n","protected":false},"author":4,"featured_media":47582,"comment_status":"open","ping_status":"open","sticky":false,"template":"","format":"standard","meta":{"om_disable_all_campaigns":false,"_monsterinsights_skip_tracking":false,"_monsterinsights_sitenote_active":false,"_monsterinsights_sitenote_note":"","_monsterinsights_sitenote_category":0,"footnotes":""},"categories":[176],"tags":[],"class_list":["post-47581","post","type-post","status-publish","format-standard","has-post-thumbnail","hentry","category-nacional"],"amp_enabled":true,"_links":{"self":[{"href":"https:\/\/lahora.mx\/index.php\/wp-json\/wp\/v2\/posts\/47581","targetHints":{"allow":["GET"]}}],"collection":[{"href":"https:\/\/lahora.mx\/index.php\/wp-json\/wp\/v2\/posts"}],"about":[{"href":"https:\/\/lahora.mx\/index.php\/wp-json\/wp\/v2\/types\/post"}],"author":[{"embeddable":true,"href":"https:\/\/lahora.mx\/index.php\/wp-json\/wp\/v2\/users\/4"}],"replies":[{"embeddable":true,"href":"https:\/\/lahora.mx\/index.php\/wp-json\/wp\/v2\/comments?post=47581"}],"version-history":[{"count":1,"href":"https:\/\/lahora.mx\/index.php\/wp-json\/wp\/v2\/posts\/47581\/revisions"}],"predecessor-version":[{"id":47583,"href":"https:\/\/lahora.mx\/index.php\/wp-json\/wp\/v2\/posts\/47581\/revisions\/47583"}],"wp:featuredmedia":[{"embeddable":true,"href":"https:\/\/lahora.mx\/index.php\/wp-json\/wp\/v2\/media\/47582"}],"wp:attachment":[{"href":"https:\/\/lahora.mx\/index.php\/wp-json\/wp\/v2\/media?parent=47581"}],"wp:term":[{"taxonomy":"category","embeddable":true,"href":"https:\/\/lahora.mx\/index.php\/wp-json\/wp\/v2\/categories?post=47581"},{"taxonomy":"post_tag","embeddable":true,"href":"https:\/\/lahora.mx\/index.php\/wp-json\/wp\/v2\/tags?post=47581"}],"curies":[{"name":"wp","href":"https:\/\/api.w.org\/{rel}","templated":true}]}}