{"id":47578,"date":"2024-06-15T01:43:37","date_gmt":"2024-06-15T01:43:37","guid":{"rendered":"http:\/\/lahora.mx\/?p=47578"},"modified":"2024-06-15T01:43:37","modified_gmt":"2024-06-15T01:43:37","slug":"apple-y-meta-se-enfrentaran-a-cargos-en-ue-por-normativa-tecnologica","status":"publish","type":"post","link":"https:\/\/lahora.mx\/index.php\/2024\/06\/15\/apple-y-meta-se-enfrentaran-a-cargos-en-ue-por-normativa-tecnologica\/","title":{"rendered":"Apple y Meta se enfrentar\u00e1n a cargos en UE por normativa tecnol\u00f3gica"},"content":{"rendered":"\n<p>Apple y Meta Platforms se enfrentar\u00e1n probablemente a cargos durante este verano boreal por incumplir destacadas normas de la Uni\u00f3n Europea destinadas a frenar su poder, dijeron el viernes tres personas con conocimiento directo del asunto.<\/p>\n\n\n\n<p>La Comisi\u00f3n Europea, que inici\u00f3 investigaciones en marzo sobre las dos empresas y Google, de Alphabet GOOGL.O, en virtud de la Ley de Mercados Digitales (DMA, por sus siglas en ingl\u00e9s), considera que Apple AAPL.O y Meta META.O son casos prioritarios, dijeron las fuentes.<\/p>\n\n\n\n<p>La DMA exige a las grandes tecnol\u00f3gicas que abran espacio para que los rivales m\u00e1s peque\u00f1os puedan competir y faciliten a los ciudadanos la movilidad entre servicios en l\u00ednea competidores, como plataformas de redes sociales, navegadores de Internet y tiendas de aplicaciones.<\/p>\n\n\n\n<p>Los reguladores de la UE emitir\u00e1n conclusiones preliminares que son similares a los cargos antimonopolio antes de agosto, con Apple el primero en ser acusado, seguido de Meta, dijeron las fuentes.<br>La Comisi\u00f3n y Meta declinaron hacer comentarios. Apple se remiti\u00f3 a su declaraci\u00f3n de marzo, en la que indic\u00f3 que confiaba en que su plan cumpliera la DMA y que segu\u00eda colaborando constructivamente con el Ejecutivo comunitario.<\/p>\n\n\n\n<p>Las empresas pueden ofrecer soluciones a los problemas expuestos en las conclusiones antes de que se adopte una decisi\u00f3n definitiva, prevista para antes de que Margrethe Vestager, jefa de antimonopolio de la UE, deje su cargo en noviembre, que podr\u00eda incluir multas de hasta el 10% de la facturaci\u00f3n anual global de una empresa por infracciones.<\/p>\n\n\n\n<p>La investigaci\u00f3n de la UE se centra en las normas de direcci\u00f3n de Apple, que seg\u00fan los reguladores imponen limitaciones que impiden a los desarrolladores de aplicaciones informar gratuitamente a los usuarios sobre ofertas fuera de su App Store, y tambi\u00e9n en sus nuevas tasas cobradas a los desarrolladores de aplicaciones.<\/p>\n\n\n\n<p>Las conclusiones preliminares sobre Meta se centran en su modelo de pago o consentimiento, introducido recientemente, por el que los usuarios pagan una cuota de suscripci\u00f3n para disfrutar de Facebook e Instagram sin publicidad.<\/p>\n","protected":false},"excerpt":{"rendered":"<p>Apple y Meta Platforms se enfrentar\u00e1n probablemente a cargos durante este verano boreal por incumplir destacadas normas de la Uni\u00f3n Europea destinadas a frenar su poder, dijeron el viernes tres personas con conocimiento directo del asunto. La Comisi\u00f3n Europea, que inici\u00f3 investigaciones en marzo sobre las dos empresas y Google, de Alphabet GOOGL.O, en virtud [&hellip;]<\/p>\n","protected":false},"author":4,"featured_media":47579,"comment_status":"open","ping_status":"open","sticky":false,"template":"","format":"standard","meta":{"om_disable_all_campaigns":false,"_monsterinsights_skip_tracking":false,"_monsterinsights_sitenote_active":false,"_monsterinsights_sitenote_note":"","_monsterinsights_sitenote_category":0,"footnotes":""},"categories":[7],"tags":[],"class_list":["post-47578","post","type-post","status-publish","format-standard","has-post-thumbnail","hentry","category-geek"],"amp_enabled":true,"_links":{"self":[{"href":"https:\/\/lahora.mx\/index.php\/wp-json\/wp\/v2\/posts\/47578","targetHints":{"allow":["GET"]}}],"collection":[{"href":"https:\/\/lahora.mx\/index.php\/wp-json\/wp\/v2\/posts"}],"about":[{"href":"https:\/\/lahora.mx\/index.php\/wp-json\/wp\/v2\/types\/post"}],"author":[{"embeddable":true,"href":"https:\/\/lahora.mx\/index.php\/wp-json\/wp\/v2\/users\/4"}],"replies":[{"embeddable":true,"href":"https:\/\/lahora.mx\/index.php\/wp-json\/wp\/v2\/comments?post=47578"}],"version-history":[{"count":1,"href":"https:\/\/lahora.mx\/index.php\/wp-json\/wp\/v2\/posts\/47578\/revisions"}],"predecessor-version":[{"id":47580,"href":"https:\/\/lahora.mx\/index.php\/wp-json\/wp\/v2\/posts\/47578\/revisions\/47580"}],"wp:featuredmedia":[{"embeddable":true,"href":"https:\/\/lahora.mx\/index.php\/wp-json\/wp\/v2\/media\/47579"}],"wp:attachment":[{"href":"https:\/\/lahora.mx\/index.php\/wp-json\/wp\/v2\/media?parent=47578"}],"wp:term":[{"taxonomy":"category","embeddable":true,"href":"https:\/\/lahora.mx\/index.php\/wp-json\/wp\/v2\/categories?post=47578"},{"taxonomy":"post_tag","embeddable":true,"href":"https:\/\/lahora.mx\/index.php\/wp-json\/wp\/v2\/tags?post=47578"}],"curies":[{"name":"wp","href":"https:\/\/api.w.org\/{rel}","templated":true}]}}