{"id":47572,"date":"2024-06-15T01:29:29","date_gmt":"2024-06-15T01:29:29","guid":{"rendered":"http:\/\/lahora.mx\/?p=47572"},"modified":"2024-06-15T01:29:30","modified_gmt":"2024-06-15T01:29:30","slug":"equipo-de-sheinbaum-sufre-accidente-de-auto-en-carretera-de-coahuila-y-ella-se-baja-a-auxiliar","status":"publish","type":"post","link":"https:\/\/lahora.mx\/index.php\/2024\/06\/15\/equipo-de-sheinbaum-sufre-accidente-de-auto-en-carretera-de-coahuila-y-ella-se-baja-a-auxiliar\/","title":{"rendered":"Equipo de Sheinbaum sufre accidente de auto en carretera de Coahuila y ella se baja a auxiliar"},"content":{"rendered":"\n<p>Miembros de la comitiva de la virtual presidenta electa, Claudia Sheinbaum, sufrieron un choque automovil\u00edstico en la carretera Sabinas-Monclova cuando se dirig\u00edan al evento del presidente Andr\u00e9s Manuel L\u00f3pez Obrador.<\/p>\n\n\n\n<p>La virtual presidenta electa se detuvo para auxiliar a los lesionados debido que iban en caravana.<\/p>\n\n\n\n<p>Cabe mencionar que Sheinbaum sigui\u00f3 su camino para encontrarse con el presidente L\u00f3pez Obrador para su evento que sostendr\u00e1n este d\u00eda a las 13:00 horas.<\/p>\n\n\n\n<p>Reportan una persona fallecida<br>En el lugar del accidente, Mario Alberto D\u00e1vila Delgado, alcalde de Monclova, inform\u00f3 que el saldo es de una persona fallecida y mencion\u00f3 que el motivo fue el exceso de velocidad.<\/p>\n\n\n\n<p>\u201cLa informaci\u00f3n que tengo es que hubo un accidente en el cruce de la carretera en la entrada de Monclova.<\/p>\n\n\n\n<p>\u201cEl saldo es una persona fallecida, al parecer ellos no hicieron el alto. Fue el exceso de velocidad, no hicieron el alto\u201d, dijo a medios locales D\u00e1vila Delgado.<\/p>\n\n\n\n<p>Equipo de Sheinbaum lamenta la muerte<br>El equipo de Claudia Sheinbaum lament\u00f3 \u00abprofundamente\u00bb el fallecimiento de una persona adulta mayor en el choque.<\/p>\n\n\n\n<p>Detall\u00f3 que esta persona era del \u00abotro veh\u00edculo\u00bb involucrado y no de su comitiva.<\/p>\n\n\n\n<p>Detall\u00f3 que Sheinbaum fue informada del accidente y se detuvo para conocer el estado de las personas, las cuales ya estaban siendo atendidas por equipos de emergencia municipales y estatales.<\/p>\n\n\n\n<p>\u00abA quienes ven\u00edan en los dos veh\u00edculos impactados, se les est\u00e1 dando atenci\u00f3n por parte del gobierno federal, estatal y el propio equipo de la Dra. Sheinbaum\u00bb, indic\u00f3 el equipo.<\/p>\n\n\n\n<p>La comitiva se dirig\u00eda a la regi\u00f3n Carbon\u00edfera donde junto con el presidente Andr\u00e9s Manuel L\u00f3pez Obrador se reunir\u00e1n con las familias de Pasta de Conchos.<\/p>\n\n\n\n<p>Sheinbaum inform\u00f3 que su equipo de avanzada, que estuvo involucrado en el accidente, se encuentra en el hospital, y confirm\u00f3 que la persona del otro auto falleci\u00f3.<\/p>\n\n\n\n<p>En entrevista, a su llegada al evento del presidente L\u00f3pez Obrador, fue cuestionada sobre si va a cambiar su log\u00edstica para trasladarse por carreteras, sin embargo, no respondi\u00f3.<\/p>\n","protected":false},"excerpt":{"rendered":"<p>Miembros de la comitiva de la virtual presidenta electa, Claudia Sheinbaum, sufrieron un choque automovil\u00edstico en la carretera Sabinas-Monclova cuando se dirig\u00edan al evento del presidente Andr\u00e9s Manuel L\u00f3pez Obrador. La virtual presidenta electa se detuvo para auxiliar a los lesionados debido que iban en caravana. Cabe mencionar que Sheinbaum sigui\u00f3 su camino para encontrarse [&hellip;]<\/p>\n","protected":false},"author":4,"featured_media":47573,"comment_status":"open","ping_status":"open","sticky":false,"template":"","format":"standard","meta":{"om_disable_all_campaigns":false,"_monsterinsights_skip_tracking":false,"_monsterinsights_sitenote_active":false,"_monsterinsights_sitenote_note":"","_monsterinsights_sitenote_category":0,"footnotes":""},"categories":[176],"tags":[],"class_list":["post-47572","post","type-post","status-publish","format-standard","has-post-thumbnail","hentry","category-nacional"],"amp_enabled":true,"_links":{"self":[{"href":"https:\/\/lahora.mx\/index.php\/wp-json\/wp\/v2\/posts\/47572","targetHints":{"allow":["GET"]}}],"collection":[{"href":"https:\/\/lahora.mx\/index.php\/wp-json\/wp\/v2\/posts"}],"about":[{"href":"https:\/\/lahora.mx\/index.php\/wp-json\/wp\/v2\/types\/post"}],"author":[{"embeddable":true,"href":"https:\/\/lahora.mx\/index.php\/wp-json\/wp\/v2\/users\/4"}],"replies":[{"embeddable":true,"href":"https:\/\/lahora.mx\/index.php\/wp-json\/wp\/v2\/comments?post=47572"}],"version-history":[{"count":1,"href":"https:\/\/lahora.mx\/index.php\/wp-json\/wp\/v2\/posts\/47572\/revisions"}],"predecessor-version":[{"id":47574,"href":"https:\/\/lahora.mx\/index.php\/wp-json\/wp\/v2\/posts\/47572\/revisions\/47574"}],"wp:featuredmedia":[{"embeddable":true,"href":"https:\/\/lahora.mx\/index.php\/wp-json\/wp\/v2\/media\/47573"}],"wp:attachment":[{"href":"https:\/\/lahora.mx\/index.php\/wp-json\/wp\/v2\/media?parent=47572"}],"wp:term":[{"taxonomy":"category","embeddable":true,"href":"https:\/\/lahora.mx\/index.php\/wp-json\/wp\/v2\/categories?post=47572"},{"taxonomy":"post_tag","embeddable":true,"href":"https:\/\/lahora.mx\/index.php\/wp-json\/wp\/v2\/tags?post=47572"}],"curies":[{"name":"wp","href":"https:\/\/api.w.org\/{rel}","templated":true}]}}