{"id":47569,"date":"2024-06-15T01:24:09","date_gmt":"2024-06-15T01:24:09","guid":{"rendered":"http:\/\/lahora.mx\/?p=47569"},"modified":"2024-06-15T01:24:09","modified_gmt":"2024-06-15T01:24:09","slug":"amlo-y-claudia-sheinbaum-en-su-primera-gira-juntos-en-coahuila","status":"publish","type":"post","link":"https:\/\/lahora.mx\/index.php\/2024\/06\/15\/amlo-y-claudia-sheinbaum-en-su-primera-gira-juntos-en-coahuila\/","title":{"rendered":"AMLO y Claudia Sheinbaum en su primera gira juntos en Coahuila"},"content":{"rendered":"\n<p>Entre gritos de \u00ab\u00a1Es un honor estar con Obrador!\u00bb, el presidente Andr\u00e9s Manuel L\u00f3pez Obrador y la virtual presidenta electa, Claudia Sheinbuam, llegaron a Sabinas, Coahuila, en el primer acto de su gira en conjunto.<\/p>\n\n\n\n<p>Ambos participan en el Plan de Justicia para Pasta de Conchos en San Juan de Sabinas, Coahuila.<\/p>\n\n\n\n<p>El gobernador de Coahuila, Manolo Jim\u00e9nez acudi\u00f3 a la reuni\u00f3n y fue recibido con rechiflas y gritos de \u00ab\u00a1Fuera!\u00bb.<\/p>\n","protected":false},"excerpt":{"rendered":"<p>Entre gritos de \u00ab\u00a1Es un honor estar con Obrador!\u00bb, el presidente Andr\u00e9s Manuel L\u00f3pez Obrador y la virtual presidenta electa, Claudia Sheinbuam, llegaron a Sabinas, Coahuila, en el primer acto de su gira en conjunto. Ambos participan en el Plan de Justicia para Pasta de Conchos en San Juan de Sabinas, Coahuila. El gobernador de [&hellip;]<\/p>\n","protected":false},"author":4,"featured_media":47570,"comment_status":"open","ping_status":"open","sticky":false,"template":"","format":"standard","meta":{"om_disable_all_campaigns":false,"_monsterinsights_skip_tracking":false,"_monsterinsights_sitenote_active":false,"_monsterinsights_sitenote_note":"","_monsterinsights_sitenote_category":0,"footnotes":""},"categories":[176],"tags":[195,223],"class_list":["post-47569","post","type-post","status-publish","format-standard","has-post-thumbnail","hentry","category-nacional","tag-principal","tag-puebla"],"amp_enabled":true,"_links":{"self":[{"href":"https:\/\/lahora.mx\/index.php\/wp-json\/wp\/v2\/posts\/47569","targetHints":{"allow":["GET"]}}],"collection":[{"href":"https:\/\/lahora.mx\/index.php\/wp-json\/wp\/v2\/posts"}],"about":[{"href":"https:\/\/lahora.mx\/index.php\/wp-json\/wp\/v2\/types\/post"}],"author":[{"embeddable":true,"href":"https:\/\/lahora.mx\/index.php\/wp-json\/wp\/v2\/users\/4"}],"replies":[{"embeddable":true,"href":"https:\/\/lahora.mx\/index.php\/wp-json\/wp\/v2\/comments?post=47569"}],"version-history":[{"count":1,"href":"https:\/\/lahora.mx\/index.php\/wp-json\/wp\/v2\/posts\/47569\/revisions"}],"predecessor-version":[{"id":47571,"href":"https:\/\/lahora.mx\/index.php\/wp-json\/wp\/v2\/posts\/47569\/revisions\/47571"}],"wp:featuredmedia":[{"embeddable":true,"href":"https:\/\/lahora.mx\/index.php\/wp-json\/wp\/v2\/media\/47570"}],"wp:attachment":[{"href":"https:\/\/lahora.mx\/index.php\/wp-json\/wp\/v2\/media?parent=47569"}],"wp:term":[{"taxonomy":"category","embeddable":true,"href":"https:\/\/lahora.mx\/index.php\/wp-json\/wp\/v2\/categories?post=47569"},{"taxonomy":"post_tag","embeddable":true,"href":"https:\/\/lahora.mx\/index.php\/wp-json\/wp\/v2\/tags?post=47569"}],"curies":[{"name":"wp","href":"https:\/\/api.w.org\/{rel}","templated":true}]}}