{"id":47560,"date":"2024-06-14T17:06:09","date_gmt":"2024-06-14T17:06:09","guid":{"rendered":"http:\/\/lahora.mx\/?p=47560"},"modified":"2024-06-14T18:11:49","modified_gmt":"2024-06-14T18:11:49","slug":"lluvias-intensas-actividad-electrica-y-granizo-en-puebla","status":"publish","type":"post","link":"https:\/\/lahora.mx\/index.php\/2024\/06\/14\/lluvias-intensas-actividad-electrica-y-granizo-en-puebla\/","title":{"rendered":"Lluvias intensas, actividad el\u00e9ctrica y granizo en Puebla"},"content":{"rendered":"\n<p>Un periodo de lluvias intensas acompa\u00f1adas de actividad el\u00e9ctrica y con posibilidad de ca\u00edda de graniz\u00f3 se prev\u00e9 durante los pr\u00f3ximos siete d\u00edas en Puebla, de acuerdo con el Servicio Meteorol\u00f3gico Nacional (SMN) de la Comisi\u00f3n Nacional del Agua (Conagua).<\/p>\n\n\n\n<p>A trav\u00e9s de su cuenta de X, el gobernador de Puebla, Sergio Salom\u00f3n C\u00e9spedes Peregrina, alert\u00f3 de las posibles lluvias intensas y torrenciales que comenzar\u00edan desde el 13 de junio y se extender\u00e1n hasta el 20 del mismo mes.<\/p>\n\n\n\n<p>El SMN inform\u00f3 que el temporal de lluvias se debe por un canal de baja presi\u00f3n sobre el sureste y la Pen\u00ednsula de Yucat\u00e1n, en interacci\u00f3n con la vaguada monz\u00f3nica y dos zonas de inestabilidad con probabilidad de desarrollo cicl\u00f3nico.<\/p>\n\n\n\n<p>El titular del Ejecutivo estatal coment\u00f3 que las autoridades del Estado y los cuerpos de emergencia se mantienen atentos ante cualquier precipitaci\u00f3n, a fin de activar los protocolos correspondientes, puesto que Puebla es una de las entidades que resultar\u00e1 afectada.<\/p>\n\n\n\n<p>Otros estados que padecer\u00e1n las posibles condiciones meteorol\u00f3gicas adversas son Quintana Roo, Yucat\u00e1n, Campeche, Tabasco, Chiapas, Oaxaca, Veracruz, Hidalgo, Estado de M\u00e9xico y Ciudad de M\u00e9xico.<\/p>\n\n\n\n<p>\u00bfC\u00f3mo estar\u00e1 el clima para los siguientes d\u00edas?<br>Protecci\u00f3n Civil del Estado inform\u00f3 que se presentar\u00e1n lluvias de ligeras a moderadas con actividad el\u00e9ctrica y ca\u00edda de granizo sobre el valle de Atlixco, la Angel\u00f3polis, las Sierras Norte, Nororiental y Negra el viernes 14 y s\u00e1bado 15 de junio.<\/p>\n\n\n\n<p>Adem\u00e1s de que toda la actividad de lluvia tendr\u00e1 un horario en promedio de cuatro horas; estiman comience cerca de las 16: 00 horas y concluya alrededor las 20:00 horas.<\/p>\n\n\n\n<p>El \u00e1rea de PC advirti\u00f3 que esta condici\u00f3n de lluvia y ca\u00edda de granizo con actividad el\u00e9ctrica y viento pueden aumentar sus efectos por la presencia de las c\u00e9lulas tormentosas en la mayor parte del Estado.<\/p>\n","protected":false},"excerpt":{"rendered":"<p>Un periodo de lluvias intensas acompa\u00f1adas de actividad el\u00e9ctrica y con posibilidad de ca\u00edda de graniz\u00f3 se prev\u00e9 durante los pr\u00f3ximos siete d\u00edas en Puebla, de acuerdo con el Servicio Meteorol\u00f3gico Nacional (SMN) de la Comisi\u00f3n Nacional del Agua (Conagua). A trav\u00e9s de su cuenta de X, el gobernador de Puebla, Sergio Salom\u00f3n C\u00e9spedes Peregrina, [&hellip;]<\/p>\n","protected":false},"author":4,"featured_media":47561,"comment_status":"open","ping_status":"open","sticky":false,"template":"","format":"standard","meta":{"om_disable_all_campaigns":false,"_monsterinsights_skip_tracking":false,"_monsterinsights_sitenote_active":false,"_monsterinsights_sitenote_note":"","_monsterinsights_sitenote_category":0,"footnotes":""},"categories":[175],"tags":[195,223],"class_list":["post-47560","post","type-post","status-publish","format-standard","has-post-thumbnail","hentry","category-local","tag-principal","tag-puebla"],"amp_enabled":true,"_links":{"self":[{"href":"https:\/\/lahora.mx\/index.php\/wp-json\/wp\/v2\/posts\/47560","targetHints":{"allow":["GET"]}}],"collection":[{"href":"https:\/\/lahora.mx\/index.php\/wp-json\/wp\/v2\/posts"}],"about":[{"href":"https:\/\/lahora.mx\/index.php\/wp-json\/wp\/v2\/types\/post"}],"author":[{"embeddable":true,"href":"https:\/\/lahora.mx\/index.php\/wp-json\/wp\/v2\/users\/4"}],"replies":[{"embeddable":true,"href":"https:\/\/lahora.mx\/index.php\/wp-json\/wp\/v2\/comments?post=47560"}],"version-history":[{"count":1,"href":"https:\/\/lahora.mx\/index.php\/wp-json\/wp\/v2\/posts\/47560\/revisions"}],"predecessor-version":[{"id":47562,"href":"https:\/\/lahora.mx\/index.php\/wp-json\/wp\/v2\/posts\/47560\/revisions\/47562"}],"wp:featuredmedia":[{"embeddable":true,"href":"https:\/\/lahora.mx\/index.php\/wp-json\/wp\/v2\/media\/47561"}],"wp:attachment":[{"href":"https:\/\/lahora.mx\/index.php\/wp-json\/wp\/v2\/media?parent=47560"}],"wp:term":[{"taxonomy":"category","embeddable":true,"href":"https:\/\/lahora.mx\/index.php\/wp-json\/wp\/v2\/categories?post=47560"},{"taxonomy":"post_tag","embeddable":true,"href":"https:\/\/lahora.mx\/index.php\/wp-json\/wp\/v2\/tags?post=47560"}],"curies":[{"name":"wp","href":"https:\/\/api.w.org\/{rel}","templated":true}]}}