{"id":47557,"date":"2024-06-14T17:03:10","date_gmt":"2024-06-14T17:03:10","guid":{"rendered":"http:\/\/lahora.mx\/?p=47557"},"modified":"2024-06-14T17:03:10","modified_gmt":"2024-06-14T17:03:10","slug":"mas-pasajeros-utilizan-los-servicios-de-la-ruta-en-puebla","status":"publish","type":"post","link":"https:\/\/lahora.mx\/index.php\/2024\/06\/14\/mas-pasajeros-utilizan-los-servicios-de-la-ruta-en-puebla\/","title":{"rendered":"M\u00e1s pasajeros utilizan los servicios de la RUTA en Puebla"},"content":{"rendered":"\n<p>Durante los primeros cuatro meses de 2024, el n\u00famero de pasajeros transportados por la Red Urbana de Transporte Articulado (RUTA) aument\u00f3 4.8 por ciento, respecto al mismo periodo de 2023.<\/p>\n\n\n\n<p>Cifras del Instituto Nacional de Estad\u00edstica y Geograf\u00eda (INEGI) dan a conocer que, de enero a abril de este a\u00f1o se movilizaron un total de 32 millones 920 mil 49 personas.<\/p>\n\n\n\n<p>Lo anterior significa que transportaron a 1 mill\u00f3n 534 mil 722 poblanos m\u00e1s que hace un a\u00f1o, cuando el dato acumulado ascendi\u00f3 a 31 millones 385 mil 327 personas.<\/p>\n\n\n\n<p>En un an\u00e1lisis mensual, el INEGI inform\u00f3 que en el primer bimestre de 2024 se movilizaron 16 millones 693 mil 397 personas, de las cuales, 8 millones 469 mil 148 fueron en enero y 8 millones 224 mil 249, en febrero.<br>En marzo el dato disminuy\u00f3 a 7 millones 970 mil 744 pasajeros; en abril la cifra actual es de 8 millones 255 mil 908 pasajeros.<\/p>\n\n\n\n<p>Seg\u00fan el instituto, la demanda de este tipo de transporte p\u00fablico puede aumentar o disminuir de acuerdo con el mes y la temporada. Por ejemplo, cuando hay vacaciones el n\u00famero de pasajeros disminuye.<\/p>\n\n\n\n<p>Actualmente la entidad cuenta con tres l\u00edneas del servicio RUTA, las cuales van de Tlaxcalancingo hasta Chachapa; 11 Norte a la 11 Sur, y de la Diagonal hacia Valsequillo; adem\u00e1s, para septiembre estar\u00e1 concluida L\u00ednea 4 Perif\u00e9rico Ecol\u00f3gico. <\/p>\n","protected":false},"excerpt":{"rendered":"<p>Durante los primeros cuatro meses de 2024, el n\u00famero de pasajeros transportados por la Red Urbana de Transporte Articulado (RUTA) aument\u00f3 4.8 por ciento, respecto al mismo periodo de 2023. Cifras del Instituto Nacional de Estad\u00edstica y Geograf\u00eda (INEGI) dan a conocer que, de enero a abril de este a\u00f1o se movilizaron un total de [&hellip;]<\/p>\n","protected":false},"author":4,"featured_media":47558,"comment_status":"open","ping_status":"open","sticky":false,"template":"","format":"standard","meta":{"om_disable_all_campaigns":false,"_monsterinsights_skip_tracking":false,"_monsterinsights_sitenote_active":false,"_monsterinsights_sitenote_note":"","_monsterinsights_sitenote_category":0,"footnotes":""},"categories":[175],"tags":[223],"class_list":["post-47557","post","type-post","status-publish","format-standard","has-post-thumbnail","hentry","category-local","tag-puebla"],"amp_enabled":true,"_links":{"self":[{"href":"https:\/\/lahora.mx\/index.php\/wp-json\/wp\/v2\/posts\/47557","targetHints":{"allow":["GET"]}}],"collection":[{"href":"https:\/\/lahora.mx\/index.php\/wp-json\/wp\/v2\/posts"}],"about":[{"href":"https:\/\/lahora.mx\/index.php\/wp-json\/wp\/v2\/types\/post"}],"author":[{"embeddable":true,"href":"https:\/\/lahora.mx\/index.php\/wp-json\/wp\/v2\/users\/4"}],"replies":[{"embeddable":true,"href":"https:\/\/lahora.mx\/index.php\/wp-json\/wp\/v2\/comments?post=47557"}],"version-history":[{"count":1,"href":"https:\/\/lahora.mx\/index.php\/wp-json\/wp\/v2\/posts\/47557\/revisions"}],"predecessor-version":[{"id":47559,"href":"https:\/\/lahora.mx\/index.php\/wp-json\/wp\/v2\/posts\/47557\/revisions\/47559"}],"wp:featuredmedia":[{"embeddable":true,"href":"https:\/\/lahora.mx\/index.php\/wp-json\/wp\/v2\/media\/47558"}],"wp:attachment":[{"href":"https:\/\/lahora.mx\/index.php\/wp-json\/wp\/v2\/media?parent=47557"}],"wp:term":[{"taxonomy":"category","embeddable":true,"href":"https:\/\/lahora.mx\/index.php\/wp-json\/wp\/v2\/categories?post=47557"},{"taxonomy":"post_tag","embeddable":true,"href":"https:\/\/lahora.mx\/index.php\/wp-json\/wp\/v2\/tags?post=47557"}],"curies":[{"name":"wp","href":"https:\/\/api.w.org\/{rel}","templated":true}]}}