{"id":47554,"date":"2024-06-14T17:01:12","date_gmt":"2024-06-14T17:01:12","guid":{"rendered":"http:\/\/lahora.mx\/?p=47554"},"modified":"2024-06-14T17:01:13","modified_gmt":"2024-06-14T17:01:13","slug":"la-derrota-no-les-gusto-pri-analiza-cambiar-nombre-siglas-y-logo-alejandro-moreno","status":"publish","type":"post","link":"https:\/\/lahora.mx\/index.php\/2024\/06\/14\/la-derrota-no-les-gusto-pri-analiza-cambiar-nombre-siglas-y-logo-alejandro-moreno\/","title":{"rendered":"La derrota no les gusto, PRI analiza cambiar nombre, siglas y logo: Alejandro Moreno"},"content":{"rendered":"\n<p>Alejandro Moreno C\u00e1rdenas, dirigente nacional del Revolucionario Institucional (PRI) se\u00f1al\u00f3 que al interior del partido se analiz\u00f3 la posibilidad de reformar y cambiar el nombre, logo, siglas y la estructura misma del tricolor, luego de la derrota que sufri\u00f3 el bloque opositor en las elecciones del 2 de junio contra el grupo oficialista que encabez\u00f3 Morena.<\/p>\n\n\n\n<p>En entrevista este 14 de junio con Azucena Uresti para Radio F\u00f3rmula, el priista asever\u00f3 que consultar\u00e1n a la militancia del PRI que vot\u00f3 por ellos en los comicios recientes, n\u00famero que se\u00f1al\u00f3 ronda entre los 6.6 millones de ciudadanos, los para llevar a cabo o no las modificaciones externas e internas del partido.<\/p>\n\n\n\n<p>Reformar\u00e1n al PRI para no terminar como el PRD<br>\u201cLo que queremos es impulsar un partido m\u00e1s tecnol\u00f3gico, digital, cercano a la ciudadan\u00eda, discutir todos los temas, no s\u00f3lo nuestra ideolog\u00eda y nuestro plan de acci\u00f3n\u201d, inform\u00f3 Moreno C\u00e1rdenas, sobre la consulta que se\u00f1al\u00f3 se llevar\u00e1 a cabo en \u201ctodo el pa\u00eds\u201d, donde haya militancia priista.<br>Se\u00f1al\u00f3 que esta b\u00fasqueda de innovaci\u00f3n para el PRI se puso sobre la mesa por la derrota que sufri\u00f3 la coalici\u00f3n Fuerza y Coraz\u00f3n por M\u00e9xico, que compuso junto a Acci\u00f3n Nacional (PAN) y el Partido de la Revoluci\u00f3n Democr\u00e1tica (PRD), el cual perdi\u00f3 su registro a nivel nacional y qued\u00f3 como partido local en algunos estados del pa\u00eds.<\/p>\n\n\n\n<p>\u201cVamos a dar batalla\u201d, refiri\u00f3 sobre la continuidad del partido y las reformas que se har\u00e1n al interior del mismo, el l\u00edder nacional del grupo tricolor.<\/p>\n\n\n\n<p>\u00bfQui\u00e9n ser\u00e1 el nuevo dirigente del PRI tras la derrota de 2024?<br>Al respecto de su cargo en el PRI, Alejandro Moreno se\u00f1al\u00f3 que ser\u00e1 la Asamblea Nacional del partido el \u00f3rgano que decida su permanencia, tras la discusi\u00f3n y voto de los delegados tricolor; \u201cyo siempre estar\u00e9 donde el partido necesite y el momento es ir a nuestra Asamblea Nacional\u201d, sentenci\u00f3 el pol\u00edtico.<\/p>\n","protected":false},"excerpt":{"rendered":"<p>Alejandro Moreno C\u00e1rdenas, dirigente nacional del Revolucionario Institucional (PRI) se\u00f1al\u00f3 que al interior del partido se analiz\u00f3 la posibilidad de reformar y cambiar el nombre, logo, siglas y la estructura misma del tricolor, luego de la derrota que sufri\u00f3 el bloque opositor en las elecciones del 2 de junio contra el grupo oficialista que encabez\u00f3 [&hellip;]<\/p>\n","protected":false},"author":4,"featured_media":47555,"comment_status":"open","ping_status":"open","sticky":false,"template":"","format":"standard","meta":{"om_disable_all_campaigns":false,"_monsterinsights_skip_tracking":false,"_monsterinsights_sitenote_active":false,"_monsterinsights_sitenote_note":"","_monsterinsights_sitenote_category":0,"footnotes":""},"categories":[176],"tags":[128,195],"class_list":["post-47554","post","type-post","status-publish","format-standard","has-post-thumbnail","hentry","category-nacional","tag-politics","tag-principal"],"amp_enabled":true,"_links":{"self":[{"href":"https:\/\/lahora.mx\/index.php\/wp-json\/wp\/v2\/posts\/47554","targetHints":{"allow":["GET"]}}],"collection":[{"href":"https:\/\/lahora.mx\/index.php\/wp-json\/wp\/v2\/posts"}],"about":[{"href":"https:\/\/lahora.mx\/index.php\/wp-json\/wp\/v2\/types\/post"}],"author":[{"embeddable":true,"href":"https:\/\/lahora.mx\/index.php\/wp-json\/wp\/v2\/users\/4"}],"replies":[{"embeddable":true,"href":"https:\/\/lahora.mx\/index.php\/wp-json\/wp\/v2\/comments?post=47554"}],"version-history":[{"count":1,"href":"https:\/\/lahora.mx\/index.php\/wp-json\/wp\/v2\/posts\/47554\/revisions"}],"predecessor-version":[{"id":47556,"href":"https:\/\/lahora.mx\/index.php\/wp-json\/wp\/v2\/posts\/47554\/revisions\/47556"}],"wp:featuredmedia":[{"embeddable":true,"href":"https:\/\/lahora.mx\/index.php\/wp-json\/wp\/v2\/media\/47555"}],"wp:attachment":[{"href":"https:\/\/lahora.mx\/index.php\/wp-json\/wp\/v2\/media?parent=47554"}],"wp:term":[{"taxonomy":"category","embeddable":true,"href":"https:\/\/lahora.mx\/index.php\/wp-json\/wp\/v2\/categories?post=47554"},{"taxonomy":"post_tag","embeddable":true,"href":"https:\/\/lahora.mx\/index.php\/wp-json\/wp\/v2\/tags?post=47554"}],"curies":[{"name":"wp","href":"https:\/\/api.w.org\/{rel}","templated":true}]}}