{"id":47551,"date":"2024-06-14T16:48:50","date_gmt":"2024-06-14T16:48:50","guid":{"rendered":"http:\/\/lahora.mx\/?p=47551"},"modified":"2024-06-14T16:48:50","modified_gmt":"2024-06-14T16:48:50","slug":"accidente-en-la-autopista-mexico-puebla-deja-un-saldo-de-tres-muertos-y-dos-lesionados","status":"publish","type":"post","link":"https:\/\/lahora.mx\/index.php\/2024\/06\/14\/accidente-en-la-autopista-mexico-puebla-deja-un-saldo-de-tres-muertos-y-dos-lesionados\/","title":{"rendered":"Accidente en la autopista M\u00e9xico-Puebla deja un saldo de tres muertos y dos lesionados"},"content":{"rendered":"\n<p>Durante la madrugada de este viernes 14 de junio, en la autopista M\u00e9xico-Puebla a la altura del kil\u00f3metro 45, se registr\u00f3 una carambola que dej\u00f3 como saldo tres personas muertas; las unidades involucradas fueron un tr\u00e1iler y cuatro autom\u00f3viles.<\/p>\n\n\n\n<p>Hasta donde se sabe, este accidente ocurri\u00f3 debido a que el conductor de un tr\u00e1iler que transportaba pl\u00e1tanos, perdi\u00f3 el control de su unidad y choc\u00f3 contra el muro de contenci\u00f3n de la vialidad; debido al impacto, afect\u00f3 a otros veh\u00edculos que transitaban por la autopista.<\/p>\n\n\n\n<p>El lugar donde ocurri\u00f3 el accidente qued\u00f3 intransitable, pues qued\u00f3 en medio de la vialidad concreto u las unidades volcadas y destruidas.<br>Tres muertos y dos lesionados tras accidente en la autopista M\u00e9xico-Puebla (VIDEO)<br>Derivado de este hecho, tres personas fallecieron y m\u00e1s de cinco personas resultaron lesionadas de gravedad de acuerdo con el \u00faltimo reporte de emergencias.<\/p>\n\n\n\n<p>Tres muertos y dos lesionados tras accidente en la autopista M\u00e9xico-Puebla (VIDEO)<br>A su vez, los automovilistas han reportado que este accidente ha provocado una fila de 5 kil\u00f3metros de veh\u00edculos en la autopista con direcci\u00f3n a Puebla, pues las unidades se encuentran varadas debido a que las autoridades contin\u00faan realizando labores en la zona.<\/p>\n","protected":false},"excerpt":{"rendered":"<p>Durante la madrugada de este viernes 14 de junio, en la autopista M\u00e9xico-Puebla a la altura del kil\u00f3metro 45, se registr\u00f3 una carambola que dej\u00f3 como saldo tres personas muertas; las unidades involucradas fueron un tr\u00e1iler y cuatro autom\u00f3viles. Hasta donde se sabe, este accidente ocurri\u00f3 debido a que el conductor de un tr\u00e1iler que [&hellip;]<\/p>\n","protected":false},"author":4,"featured_media":47552,"comment_status":"open","ping_status":"open","sticky":false,"template":"","format":"standard","meta":{"om_disable_all_campaigns":false,"_monsterinsights_skip_tracking":false,"_monsterinsights_sitenote_active":false,"_monsterinsights_sitenote_note":"","_monsterinsights_sitenote_category":0,"footnotes":""},"categories":[175,226],"tags":[223],"class_list":["post-47551","post","type-post","status-publish","format-standard","has-post-thumbnail","hentry","category-local","category-policia","tag-puebla"],"amp_enabled":true,"_links":{"self":[{"href":"https:\/\/lahora.mx\/index.php\/wp-json\/wp\/v2\/posts\/47551","targetHints":{"allow":["GET"]}}],"collection":[{"href":"https:\/\/lahora.mx\/index.php\/wp-json\/wp\/v2\/posts"}],"about":[{"href":"https:\/\/lahora.mx\/index.php\/wp-json\/wp\/v2\/types\/post"}],"author":[{"embeddable":true,"href":"https:\/\/lahora.mx\/index.php\/wp-json\/wp\/v2\/users\/4"}],"replies":[{"embeddable":true,"href":"https:\/\/lahora.mx\/index.php\/wp-json\/wp\/v2\/comments?post=47551"}],"version-history":[{"count":1,"href":"https:\/\/lahora.mx\/index.php\/wp-json\/wp\/v2\/posts\/47551\/revisions"}],"predecessor-version":[{"id":47553,"href":"https:\/\/lahora.mx\/index.php\/wp-json\/wp\/v2\/posts\/47551\/revisions\/47553"}],"wp:featuredmedia":[{"embeddable":true,"href":"https:\/\/lahora.mx\/index.php\/wp-json\/wp\/v2\/media\/47552"}],"wp:attachment":[{"href":"https:\/\/lahora.mx\/index.php\/wp-json\/wp\/v2\/media?parent=47551"}],"wp:term":[{"taxonomy":"category","embeddable":true,"href":"https:\/\/lahora.mx\/index.php\/wp-json\/wp\/v2\/categories?post=47551"},{"taxonomy":"post_tag","embeddable":true,"href":"https:\/\/lahora.mx\/index.php\/wp-json\/wp\/v2\/tags?post=47551"}],"curies":[{"name":"wp","href":"https:\/\/api.w.org\/{rel}","templated":true}]}}