{"id":47544,"date":"2024-06-14T04:54:14","date_gmt":"2024-06-14T04:54:14","guid":{"rendered":"http:\/\/lahora.mx\/?p=47544"},"modified":"2024-06-14T04:54:14","modified_gmt":"2024-06-14T04:54:14","slug":"el-gobernador-sergio-salomon-se-reune-con-armenta-junto-a-diputados-locales-y-federales-electos","status":"publish","type":"post","link":"https:\/\/lahora.mx\/index.php\/2024\/06\/14\/el-gobernador-sergio-salomon-se-reune-con-armenta-junto-a-diputados-locales-y-federales-electos\/","title":{"rendered":"El gobernador Sergio Salom\u00f3n se re\u00fane con Armenta junto a diputados locales y federales electos"},"content":{"rendered":"\n<p>El gobernador, Sergio Salom\u00f3n C\u00e9spedes junto con el gobernador electo, Alejandro Armenta se reunieron con diputadas y diputados locales y federales electos, as\u00ed lo compartieron ambos a trav\u00e9s de sus redes sociales.<\/p>\n\n\n\n<p>La reuni\u00f3n tuvo pie a conformar la estructura del Congreso de la Uni\u00f3n y la implementaci\u00f3n de las pol\u00edticas transformadoras de la presidenta electa, Claudia Sheinbaum.<\/p>\n\n\n\n<p>Por su parte, el gobernador Sergio Salom\u00f3n C\u00e9spedes destac\u00f3 la importancia de este encuentro institucional para asegurar que Puebla desempe\u00f1e un papel central en el proyecto de transformaci\u00f3n que encabezar\u00e1 Claudia Sheinbaum.<\/p>\n\n\n\n<p>\u201cPuebla tiene mucho que aportar al proyecto transformador de la Presidenta Electa, la Dra. Claudia Sheinbaum\u201d.<\/p>\n\n\n\n<p>se\u00f1al\u00f3.<br>Por su parte, Alejandro Armenta, gobernador electo, expres\u00f3 su compromiso con la nueva etapa hist\u00f3rica que representar\u00e1 la primera presidenta de M\u00e9xico.<\/p>\n\n\n\n<p>\u201cAnte la etapa hist\u00f3rica que encabezar\u00e1 nuestra primera Presidenta, la Dra. Claudia Sheinbaum, acompa\u00f1\u00e9 a nuestro Gobernador Sergio Salom\u00f3n C\u00e9spedes Peregrina a la reuni\u00f3n con las y los diputados federales electos\u201d.<\/p>\n\n\n\n<p>dijo.<br>Armenta Mier resalt\u00f3 la necesidad de trabajar en unidad y bajo el respeto a los poderes para lograr mejores condiciones de bienestar y prosperidad compartida para los poblanos.<\/p>\n\n\n\n<p>Durante la reuni\u00f3n, tanto Sergio Salom\u00f3n como Armenta enfatizaron la importancia de la colaboraci\u00f3n entre los distintos niveles de gobierno y los representantes electos para implementar eficazmente las pol\u00edticas p\u00fablicas y proyectos que beneficiar\u00e1n al estado de Puebla.<\/p>\n","protected":false},"excerpt":{"rendered":"<p>El gobernador, Sergio Salom\u00f3n C\u00e9spedes junto con el gobernador electo, Alejandro Armenta se reunieron con diputadas y diputados locales y federales electos, as\u00ed lo compartieron ambos a trav\u00e9s de sus redes sociales. La reuni\u00f3n tuvo pie a conformar la estructura del Congreso de la Uni\u00f3n y la implementaci\u00f3n de las pol\u00edticas transformadoras de la presidenta [&hellip;]<\/p>\n","protected":false},"author":4,"featured_media":47545,"comment_status":"open","ping_status":"open","sticky":false,"template":"","format":"standard","meta":{"om_disable_all_campaigns":false,"_monsterinsights_skip_tracking":false,"_monsterinsights_sitenote_active":false,"_monsterinsights_sitenote_note":"","_monsterinsights_sitenote_category":0,"footnotes":""},"categories":[175],"tags":[239,195,223],"class_list":["post-47544","post","type-post","status-publish","format-standard","has-post-thumbnail","hentry","category-local","tag-gobierno","tag-principal","tag-puebla"],"amp_enabled":true,"_links":{"self":[{"href":"https:\/\/lahora.mx\/index.php\/wp-json\/wp\/v2\/posts\/47544","targetHints":{"allow":["GET"]}}],"collection":[{"href":"https:\/\/lahora.mx\/index.php\/wp-json\/wp\/v2\/posts"}],"about":[{"href":"https:\/\/lahora.mx\/index.php\/wp-json\/wp\/v2\/types\/post"}],"author":[{"embeddable":true,"href":"https:\/\/lahora.mx\/index.php\/wp-json\/wp\/v2\/users\/4"}],"replies":[{"embeddable":true,"href":"https:\/\/lahora.mx\/index.php\/wp-json\/wp\/v2\/comments?post=47544"}],"version-history":[{"count":1,"href":"https:\/\/lahora.mx\/index.php\/wp-json\/wp\/v2\/posts\/47544\/revisions"}],"predecessor-version":[{"id":47546,"href":"https:\/\/lahora.mx\/index.php\/wp-json\/wp\/v2\/posts\/47544\/revisions\/47546"}],"wp:featuredmedia":[{"embeddable":true,"href":"https:\/\/lahora.mx\/index.php\/wp-json\/wp\/v2\/media\/47545"}],"wp:attachment":[{"href":"https:\/\/lahora.mx\/index.php\/wp-json\/wp\/v2\/media?parent=47544"}],"wp:term":[{"taxonomy":"category","embeddable":true,"href":"https:\/\/lahora.mx\/index.php\/wp-json\/wp\/v2\/categories?post=47544"},{"taxonomy":"post_tag","embeddable":true,"href":"https:\/\/lahora.mx\/index.php\/wp-json\/wp\/v2\/tags?post=47544"}],"curies":[{"name":"wp","href":"https:\/\/api.w.org\/{rel}","templated":true}]}}