{"id":47533,"date":"2024-06-14T01:51:57","date_gmt":"2024-06-14T01:51:57","guid":{"rendered":"http:\/\/lahora.mx\/?p=47533"},"modified":"2024-06-14T01:51:57","modified_gmt":"2024-06-14T01:51:57","slug":"claudia-sheinbaum-mantiene-su-posicion-ministros-de-la-corte-deben-ser-electos-por-voto-popular","status":"publish","type":"post","link":"https:\/\/lahora.mx\/index.php\/2024\/06\/14\/claudia-sheinbaum-mantiene-su-posicion-ministros-de-la-corte-deben-ser-electos-por-voto-popular\/","title":{"rendered":"Claudia Sheinbaum mantiene su posici\u00f3n: ministros de la Corte deben ser electos por voto popular"},"content":{"rendered":"\n<p>La virtual presidenta electa, Claudia Sheinbaum, inform\u00f3 que mantiene su posici\u00f3n de la elecci\u00f3n por el voto popular de los ministros de la Suprema Corte de Justicia de la Naci\u00f3n (SCJN), \u00abno es novedad\u00bb, pero que es importante hacer un parlamento abierto sobre la reforma al Poder Judicial.<\/p>\n\n\n\n<p>En conferencia de prensa, Sheinbaum detall\u00f3 que la encuesta ciudadana sobre el Poder Judicial se har\u00e1 este fin de semana, y los resultados estar\u00eda el siguiente lunes.<\/p>\n\n\n\n<p>\u00abUstedes conocen nuestra posici\u00f3n sobre la elecci\u00f3n de jueces, magistrados, ministros; lo hablamos en la campa\u00f1a, la pusimos a votaci\u00f3n, pero eso no quita que se conozca la reforma al Poder Judicial, y que se escuche en este parlamento abierto que se est\u00e1 planteando. Mi opini\u00f3n tambi\u00e9n es que deben elegirse lo jueces, pero que se haga este parlamento abierto\u00bb.<\/p>\n\n\n\n<p>Agreg\u00f3: \u00abNo es novedad, lo dije durante toda la campa\u00f1a, y acostumbramos a mantener nuestras posiciones\u00bb.<\/p>\n\n\n\n<p>En ese sentido, Sheinbaum mencion\u00f3 que el dirigente nacional de Morena, Mario Delgado, inform\u00f3 que las encuestas ciudadanas sobre la reforma al Poder Judicial ya se mandaron a hacer y esperan que este lunes 17 de junio tengan los resultados.<\/p>\n\n\n\n<p>\u00abEsperamos que el lunes este el resultado de esta encuesta de qu\u00e9 opina el pueblo de M\u00e9xico a partir de una encuesta cu\u00e1l es su opini\u00f3n de jueces, magistrados, ministros, y tambi\u00e9n de la elecci\u00f3n directa\u00bb, dijo.<\/p>\n\n\n\n<p>Sheinbaum detall\u00f3 que, el siguiente martes se estar\u00e1 reuniendo con diputados y senadores electos, adelant\u00f3 que ser\u00e1 de felicitaciones por el resultado de la elecci\u00f3n del 2 de junio.<\/p>\n","protected":false},"excerpt":{"rendered":"<p>La virtual presidenta electa, Claudia Sheinbaum, inform\u00f3 que mantiene su posici\u00f3n de la elecci\u00f3n por el voto popular de los ministros de la Suprema Corte de Justicia de la Naci\u00f3n (SCJN), \u00abno es novedad\u00bb, pero que es importante hacer un parlamento abierto sobre la reforma al Poder Judicial. En conferencia de prensa, Sheinbaum detall\u00f3 que [&hellip;]<\/p>\n","protected":false},"author":4,"featured_media":47534,"comment_status":"open","ping_status":"open","sticky":false,"template":"","format":"standard","meta":{"om_disable_all_campaigns":false,"_monsterinsights_skip_tracking":false,"_monsterinsights_sitenote_active":false,"_monsterinsights_sitenote_note":"","_monsterinsights_sitenote_category":0,"footnotes":""},"categories":[176],"tags":[],"class_list":["post-47533","post","type-post","status-publish","format-standard","has-post-thumbnail","hentry","category-nacional"],"amp_enabled":true,"_links":{"self":[{"href":"https:\/\/lahora.mx\/index.php\/wp-json\/wp\/v2\/posts\/47533","targetHints":{"allow":["GET"]}}],"collection":[{"href":"https:\/\/lahora.mx\/index.php\/wp-json\/wp\/v2\/posts"}],"about":[{"href":"https:\/\/lahora.mx\/index.php\/wp-json\/wp\/v2\/types\/post"}],"author":[{"embeddable":true,"href":"https:\/\/lahora.mx\/index.php\/wp-json\/wp\/v2\/users\/4"}],"replies":[{"embeddable":true,"href":"https:\/\/lahora.mx\/index.php\/wp-json\/wp\/v2\/comments?post=47533"}],"version-history":[{"count":1,"href":"https:\/\/lahora.mx\/index.php\/wp-json\/wp\/v2\/posts\/47533\/revisions"}],"predecessor-version":[{"id":47535,"href":"https:\/\/lahora.mx\/index.php\/wp-json\/wp\/v2\/posts\/47533\/revisions\/47535"}],"wp:featuredmedia":[{"embeddable":true,"href":"https:\/\/lahora.mx\/index.php\/wp-json\/wp\/v2\/media\/47534"}],"wp:attachment":[{"href":"https:\/\/lahora.mx\/index.php\/wp-json\/wp\/v2\/media?parent=47533"}],"wp:term":[{"taxonomy":"category","embeddable":true,"href":"https:\/\/lahora.mx\/index.php\/wp-json\/wp\/v2\/categories?post=47533"},{"taxonomy":"post_tag","embeddable":true,"href":"https:\/\/lahora.mx\/index.php\/wp-json\/wp\/v2\/tags?post=47533"}],"curies":[{"name":"wp","href":"https:\/\/api.w.org\/{rel}","templated":true}]}}