{"id":47503,"date":"2024-06-14T00:01:20","date_gmt":"2024-06-14T00:01:20","guid":{"rendered":"http:\/\/lahora.mx\/?p=47503"},"modified":"2024-06-14T00:01:20","modified_gmt":"2024-06-14T00:01:20","slug":"licitacion-de-alumbrado-en-periferico-ecologico-estuvo-mal-hecha-menciona-gobernador","status":"publish","type":"post","link":"https:\/\/lahora.mx\/index.php\/2024\/06\/14\/licitacion-de-alumbrado-en-periferico-ecologico-estuvo-mal-hecha-menciona-gobernador\/","title":{"rendered":"Licitaci\u00f3n de alumbrado en Perif\u00e9rico Ecol\u00f3gico estuvo \u00abmal hecha\u00bb menciona gobernador"},"content":{"rendered":"\n<p>La licitaci\u00f3n para el servicio de alumbrado p\u00fablico en el Perif\u00e9rico Ecol\u00f3gico estuvo \u00abmal hecha\u00bb en la gesti\u00f3n de Miguel Barbosa Huerta, y ahora se har\u00e1n correcciones para ampliar su cobertura, inform\u00f3 el gobernador Sergio Salom\u00f3n C\u00e9spedes Peregrina.<\/p>\n\n\n\n<p>Posterior a inaugurar el techado de un plantel del Colegio de Bachilleres del Estado de Puebla (Cobaep), el mandatario admiti\u00f3 que existen deficiencias en la iluminaci\u00f3n en esta vialidad, una de las m\u00e1s transitadas de la capital, con tramos que siguen \u201cen la oscuridad\u00bb.<\/p>\n\n\n\n<p>En entrevista, declar\u00f3 que la convocatoria original se qued\u00f3 \u00abmuy corta\u00bb, y esto obliga al gobierno actual a negociar con la empresa Traffic Ligth ciertos cambios.<\/p>\n\n\n\n<p>El m\u00e1s importante, dijo es la ampliaci\u00f3n de la cobertura, as\u00ed como la reparaci\u00f3n de luminarias.<\/p>\n\n\n\n<p>\u00abEstamos viendo ahorita como tener las mejores condiciones para tener alg\u00fan tipo de ampliaci\u00f3n, porque el techo que dieron, en tres meses se acaba lo que tiene marcado como tope m\u00e1ximo la licitaci\u00f3n, que se hizo antes de que nosotros lleg\u00e1ramos\u201d, abund\u00f3.<\/p>\n\n\n\n<p>El mandatario estatal detall\u00f3 que para octubre se agotar\u00e1 el \u201ctecho m\u00e1ximo\u201d que se acord\u00f3 con Traffic Ligth en 2021, mediante un contrato bianual para la instalaci\u00f3n de m\u00e1s de 3 mil luminarias en los 86 kil\u00f3metros del Perif\u00e9rico, a pesar de que el contrato se extiende hasta diciembre.<\/p>\n\n\n\n<p>Detall\u00f3 que mientras el gobierno estatal demanda 400 servicios de mantenimiento o reparaci\u00f3n de luminarias, el tope que marca la licitaci\u00f3n es de 100, lo que implica un desajuste y que el gobierno solicitar\u00e1 a la empresa lo cubra sin cobrar m\u00e1s.<\/p>\n\n\n\n<p>El contrato otorgado a Traffic Light fue por 183 millones 937 mil 849 pesos hace tres a\u00f1os.<\/p>\n","protected":false},"excerpt":{"rendered":"<p>La licitaci\u00f3n para el servicio de alumbrado p\u00fablico en el Perif\u00e9rico Ecol\u00f3gico estuvo \u00abmal hecha\u00bb en la gesti\u00f3n de Miguel Barbosa Huerta, y ahora se har\u00e1n correcciones para ampliar su cobertura, inform\u00f3 el gobernador Sergio Salom\u00f3n C\u00e9spedes Peregrina. Posterior a inaugurar el techado de un plantel del Colegio de Bachilleres del Estado de Puebla (Cobaep), [&hellip;]<\/p>\n","protected":false},"author":4,"featured_media":47504,"comment_status":"open","ping_status":"open","sticky":false,"template":"","format":"standard","meta":{"om_disable_all_campaigns":false,"_monsterinsights_skip_tracking":false,"_monsterinsights_sitenote_active":false,"_monsterinsights_sitenote_note":"","_monsterinsights_sitenote_category":0,"footnotes":""},"categories":[175],"tags":[239,195,223],"class_list":["post-47503","post","type-post","status-publish","format-standard","has-post-thumbnail","hentry","category-local","tag-gobierno","tag-principal","tag-puebla"],"amp_enabled":true,"_links":{"self":[{"href":"https:\/\/lahora.mx\/index.php\/wp-json\/wp\/v2\/posts\/47503","targetHints":{"allow":["GET"]}}],"collection":[{"href":"https:\/\/lahora.mx\/index.php\/wp-json\/wp\/v2\/posts"}],"about":[{"href":"https:\/\/lahora.mx\/index.php\/wp-json\/wp\/v2\/types\/post"}],"author":[{"embeddable":true,"href":"https:\/\/lahora.mx\/index.php\/wp-json\/wp\/v2\/users\/4"}],"replies":[{"embeddable":true,"href":"https:\/\/lahora.mx\/index.php\/wp-json\/wp\/v2\/comments?post=47503"}],"version-history":[{"count":1,"href":"https:\/\/lahora.mx\/index.php\/wp-json\/wp\/v2\/posts\/47503\/revisions"}],"predecessor-version":[{"id":47505,"href":"https:\/\/lahora.mx\/index.php\/wp-json\/wp\/v2\/posts\/47503\/revisions\/47505"}],"wp:featuredmedia":[{"embeddable":true,"href":"https:\/\/lahora.mx\/index.php\/wp-json\/wp\/v2\/media\/47504"}],"wp:attachment":[{"href":"https:\/\/lahora.mx\/index.php\/wp-json\/wp\/v2\/media?parent=47503"}],"wp:term":[{"taxonomy":"category","embeddable":true,"href":"https:\/\/lahora.mx\/index.php\/wp-json\/wp\/v2\/categories?post=47503"},{"taxonomy":"post_tag","embeddable":true,"href":"https:\/\/lahora.mx\/index.php\/wp-json\/wp\/v2\/tags?post=47503"}],"curies":[{"name":"wp","href":"https:\/\/api.w.org\/{rel}","templated":true}]}}