{"id":47500,"date":"2024-06-13T23:24:14","date_gmt":"2024-06-13T23:24:14","guid":{"rendered":"http:\/\/lahora.mx\/?p=47500"},"modified":"2024-06-13T23:24:14","modified_gmt":"2024-06-13T23:24:14","slug":"anticipan-sesion-extraordinaria-para-legislar-despenalizacion-del-aborto-en-puebla","status":"publish","type":"post","link":"https:\/\/lahora.mx\/index.php\/2024\/06\/13\/anticipan-sesion-extraordinaria-para-legislar-despenalizacion-del-aborto-en-puebla\/","title":{"rendered":"Anticipan sesi\u00f3n extraordinaria para legislar despenalizaci\u00f3n del Aborto en Puebla"},"content":{"rendered":"\n<p>El presidente del Congreso Local, Edgar Garmendia de los Santos, anticip\u00f3 que habr\u00e1 Sesi\u00f3n Extraordinaria para legislar la despenalizaci\u00f3n del aborto en Puebla, ya que pese a que faltan cuatro sesiones para cerrar la LXI Legislatura, no prev\u00e9 que pueda celebrarse la discusi\u00f3n en una de ellas.<\/p>\n\n\n\n<p>En entrevista este 13 de junio, el tambi\u00e9n coordinador de la bancada de Morena en la C\u00e1mara local explic\u00f3 que, en la discusi\u00f3n que se d\u00e9, se respetar\u00e1 cada opini\u00f3n que emitan los diputados ya sea para hablar en contra como a favor del tema.<\/p>\n\n\n\n<p>Anticip\u00f3 que, debido a que este 15 de junio cierra el \u00faltimo periodo ordinario de la LXI Legislatura, s\u00f3lo tendr\u00e1n cuatro sesiones para discutir la interrupci\u00f3n legal del embarazo, pero se\u00f1al\u00f3 que no piensa vaya a dar tiempo para que se legisle el tema.<\/p>\n\n\n\n<p>Por ello, est\u00e1 abierta la posibilidad de que pueda celebrarse una sesi\u00f3n extraordinaria para discutir el tema, aunque no dijo cu\u00e1ndo podr\u00eda llevarse a cabo, puesto que la Comisi\u00f3n Permanente durar\u00e1 agosto y la primera quincena de diciembre.<\/p>\n\n\n\n<p>Aborto en Puebla: se habl\u00f3 con Silva Ru\u00edz para ver ruta sobre despenalizaci\u00f3n<br>Por otro lado, dijo que ya se reuni\u00f3 con M\u00f3nica Silva Ru\u00edz, quien es la diputada que impuls\u00f3 la legislaci\u00f3n, para ver qu\u00e9 ruta van a tomar en cuenta para discutir la despenalizaci\u00f3n.<\/p>\n\n\n\n<p>\u00abYa nos hemos reunido con la diputada M\u00f3nica Silva para ver cu\u00e1l ser\u00e1 la ruta, sobre todo porque tenemos ya encima el cierre del periodo, pero tambi\u00e9n pod\u00edamos ver la necesidad de que se pudiera realizar una extraordinaria\u00bb, revel\u00f3.<\/p>\n\n\n\n<p>Se oir\u00e1n todas las voces respecto a legalizar el aborto en Puebla<br>Garmendia tambi\u00e9n asegur\u00f3 que respetar\u00e1n la posici\u00f3n que cada uno de los diputados tenga y argumente sobre el tema, ya que sostuvo cada uno debe defender su pensamiento.<\/p>\n\n\n\n<p>\u00abSe va a respetar la posici\u00f3n de cada uno de los diputados, los que est\u00e9n a favor y los que est\u00e9n en contra, pero tambi\u00e9n se le va a dar oportunidad a que puedan argumentar, sobre todo para escuchar a todos. La discusi\u00f3n se va a tener que abrir\u00bb, puntualiz\u00f3.<\/p>\n","protected":false},"excerpt":{"rendered":"<p>El presidente del Congreso Local, Edgar Garmendia de los Santos, anticip\u00f3 que habr\u00e1 Sesi\u00f3n Extraordinaria para legislar la despenalizaci\u00f3n del aborto en Puebla, ya que pese a que faltan cuatro sesiones para cerrar la LXI Legislatura, no prev\u00e9 que pueda celebrarse la discusi\u00f3n en una de ellas. En entrevista este 13 de junio, el tambi\u00e9n [&hellip;]<\/p>\n","protected":false},"author":4,"featured_media":47501,"comment_status":"open","ping_status":"open","sticky":false,"template":"","format":"standard","meta":{"om_disable_all_campaigns":false,"_monsterinsights_skip_tracking":false,"_monsterinsights_sitenote_active":false,"_monsterinsights_sitenote_note":"","_monsterinsights_sitenote_category":0,"footnotes":""},"categories":[175],"tags":[223],"class_list":["post-47500","post","type-post","status-publish","format-standard","has-post-thumbnail","hentry","category-local","tag-puebla"],"amp_enabled":true,"_links":{"self":[{"href":"https:\/\/lahora.mx\/index.php\/wp-json\/wp\/v2\/posts\/47500","targetHints":{"allow":["GET"]}}],"collection":[{"href":"https:\/\/lahora.mx\/index.php\/wp-json\/wp\/v2\/posts"}],"about":[{"href":"https:\/\/lahora.mx\/index.php\/wp-json\/wp\/v2\/types\/post"}],"author":[{"embeddable":true,"href":"https:\/\/lahora.mx\/index.php\/wp-json\/wp\/v2\/users\/4"}],"replies":[{"embeddable":true,"href":"https:\/\/lahora.mx\/index.php\/wp-json\/wp\/v2\/comments?post=47500"}],"version-history":[{"count":1,"href":"https:\/\/lahora.mx\/index.php\/wp-json\/wp\/v2\/posts\/47500\/revisions"}],"predecessor-version":[{"id":47502,"href":"https:\/\/lahora.mx\/index.php\/wp-json\/wp\/v2\/posts\/47500\/revisions\/47502"}],"wp:featuredmedia":[{"embeddable":true,"href":"https:\/\/lahora.mx\/index.php\/wp-json\/wp\/v2\/media\/47501"}],"wp:attachment":[{"href":"https:\/\/lahora.mx\/index.php\/wp-json\/wp\/v2\/media?parent=47500"}],"wp:term":[{"taxonomy":"category","embeddable":true,"href":"https:\/\/lahora.mx\/index.php\/wp-json\/wp\/v2\/categories?post=47500"},{"taxonomy":"post_tag","embeddable":true,"href":"https:\/\/lahora.mx\/index.php\/wp-json\/wp\/v2\/tags?post=47500"}],"curies":[{"name":"wp","href":"https:\/\/api.w.org\/{rel}","templated":true}]}}