{"id":47497,"date":"2024-06-13T23:19:50","date_gmt":"2024-06-13T23:19:50","guid":{"rendered":"http:\/\/lahora.mx\/?p=47497"},"modified":"2024-06-13T23:19:50","modified_gmt":"2024-06-13T23:19:50","slug":"psi-con-capacidad-para-ir-solo-en-proximas-elecciones","status":"publish","type":"post","link":"https:\/\/lahora.mx\/index.php\/2024\/06\/13\/psi-con-capacidad-para-ir-solo-en-proximas-elecciones\/","title":{"rendered":"PSI, con capacidad para ir solo en pr\u00f3ximas elecciones"},"content":{"rendered":"\n<p>El dirigente estatal de Pacto Social de Integraci\u00f3n (PSI), Carlos Navarro Corro, abri\u00f3 la posibilidad de que en las pr\u00f3ximas elecciones su partido compita de manera solitaria, esto tras confirmar que la fuerza pol\u00edtica que comanda no perdi\u00f3 su registro tras las votaciones del 2 de junio.<\/p>\n\n\n\n<p>En entrevista este 13 de junio, declar\u00f3 que su partido obtendr\u00eda resultados mejores en futuras contiendas en Puebla, aunque tambi\u00e9n reconoci\u00f3 que la pol\u00edtica de alianzas es una modalidad que lleg\u00f3 para quedarse y tiene sus ventajas para cada una de las partes.<\/p>\n\n\n\n<p>Sin embargo, el ir o no en coalici\u00f3n, detall\u00f3, es un tema que se queda en manos de las dirigencias nacionales de los partidos con los que se van a aliar, y ah\u00ed dif\u00edcilmente los estatales podr\u00e1n decir algo.<\/p>\n\n\n\n<p><\/p>\n\n\n\n<p>\u00abYo dije que las alianzas nacieron para quedarse, pero eso no lo decidimos aqu\u00ed, sino son acuerdos, acuerdos nacionales, esos acuerdos te hacen la invitaci\u00f3n, yo lo que me refer\u00eda es que nos ir\u00eda mejor solos que acompa\u00f1ados, quiero dejar claro, nos ir\u00eda mejor solos que acompa\u00f1ados\u00bb, asegur\u00f3.<\/p>\n\n\n\n<p>Record\u00f3 que en su momento, Morena lo invit\u00f3 a aliarse en la coalici\u00f3n obradorista, y consider\u00f3 caminar con ellos, sin embargo, dijo que por la influencia de la senadora Nadia Navarro se quedaron con la alianza opositora.<\/p>\n\n\n\n<p>\u201cSin embargo, las circunstancias pol\u00edticas de momentos de efervescencia pues te invitan y t\u00fa lo meditas. Yo tuve invitaci\u00f3n por parte de Morena, pude meditar con ellos, pero tambi\u00e9n estaba en otro lado la senadora Nadia y estaba cercana al Frente. No me arrepiento\u201d, indic\u00f3.<\/p>\n","protected":false},"excerpt":{"rendered":"<p>El dirigente estatal de Pacto Social de Integraci\u00f3n (PSI), Carlos Navarro Corro, abri\u00f3 la posibilidad de que en las pr\u00f3ximas elecciones su partido compita de manera solitaria, esto tras confirmar que la fuerza pol\u00edtica que comanda no perdi\u00f3 su registro tras las votaciones del 2 de junio. En entrevista este 13 de junio, declar\u00f3 que [&hellip;]<\/p>\n","protected":false},"author":4,"featured_media":47498,"comment_status":"open","ping_status":"open","sticky":false,"template":"","format":"standard","meta":{"om_disable_all_campaigns":false,"_monsterinsights_skip_tracking":false,"_monsterinsights_sitenote_active":false,"_monsterinsights_sitenote_note":"","_monsterinsights_sitenote_category":0,"footnotes":""},"categories":[175],"tags":[239],"class_list":["post-47497","post","type-post","status-publish","format-standard","has-post-thumbnail","hentry","category-local","tag-gobierno"],"amp_enabled":true,"_links":{"self":[{"href":"https:\/\/lahora.mx\/index.php\/wp-json\/wp\/v2\/posts\/47497","targetHints":{"allow":["GET"]}}],"collection":[{"href":"https:\/\/lahora.mx\/index.php\/wp-json\/wp\/v2\/posts"}],"about":[{"href":"https:\/\/lahora.mx\/index.php\/wp-json\/wp\/v2\/types\/post"}],"author":[{"embeddable":true,"href":"https:\/\/lahora.mx\/index.php\/wp-json\/wp\/v2\/users\/4"}],"replies":[{"embeddable":true,"href":"https:\/\/lahora.mx\/index.php\/wp-json\/wp\/v2\/comments?post=47497"}],"version-history":[{"count":1,"href":"https:\/\/lahora.mx\/index.php\/wp-json\/wp\/v2\/posts\/47497\/revisions"}],"predecessor-version":[{"id":47499,"href":"https:\/\/lahora.mx\/index.php\/wp-json\/wp\/v2\/posts\/47497\/revisions\/47499"}],"wp:featuredmedia":[{"embeddable":true,"href":"https:\/\/lahora.mx\/index.php\/wp-json\/wp\/v2\/media\/47498"}],"wp:attachment":[{"href":"https:\/\/lahora.mx\/index.php\/wp-json\/wp\/v2\/media?parent=47497"}],"wp:term":[{"taxonomy":"category","embeddable":true,"href":"https:\/\/lahora.mx\/index.php\/wp-json\/wp\/v2\/categories?post=47497"},{"taxonomy":"post_tag","embeddable":true,"href":"https:\/\/lahora.mx\/index.php\/wp-json\/wp\/v2\/tags?post=47497"}],"curies":[{"name":"wp","href":"https:\/\/api.w.org\/{rel}","templated":true}]}}