{"id":47488,"date":"2024-06-13T22:37:05","date_gmt":"2024-06-13T22:37:05","guid":{"rendered":"http:\/\/lahora.mx\/?p=47488"},"modified":"2024-06-13T22:37:06","modified_gmt":"2024-06-13T22:37:06","slug":"dan-ultimo-adios-a-dominique-estudiante-victima-del-ataque-en-camino-real","status":"publish","type":"post","link":"https:\/\/lahora.mx\/index.php\/2024\/06\/13\/dan-ultimo-adios-a-dominique-estudiante-victima-del-ataque-en-camino-real\/","title":{"rendered":"Dan \u00faltimo adi\u00f3s a Dominique, estudiante v\u00edctima del ataque en Camino Real"},"content":{"rendered":"\n<p>La reja del colegio Camino Real, ubicado en San Pedro Cholula, Puebla, amaneci\u00f3 cubierta de cartulinas con mensajes de despedida, veladoras de color blanco y flores, ya que maestros, alumnos y padres de familia de la instituci\u00f3n se despidieron de Dominique, estudiante de tercero de secundaria que asesinaron frente al plantel la ma\u00f1ana del pasado 12 de junio de este a\u00f1o.<\/p>\n\n\n\n<p>Durante la noche del ayer 12 de junio, la comunidad estudiantil del Colegio Camino Real se reuni\u00f3 a las afueras del centro educativo para rendirle un homenaje al ni\u00f1o que perdi\u00f3 la vida a manos de sicarios. Entre los mensajes que se leyeron en las cartulinas colgadas a las afuera de la instituci\u00f3n se observaron frases como \u201cGracias por ser un gran amigo\u201d o \u201cHasta siempre\u201d.<\/p>\n\n\n\n<p>Padres de familia, docentes y alumnos que conocieron al joven crearon un altar en el lugar donde sucedi\u00f3 el fallecimiento, que sucedi\u00f3 a plena luz del d\u00eda.<\/p>\n\n\n\n<p>A Dominique lo asesinaron en la ma\u00f1ana del pasado mi\u00e9rcoles, en un ataque que se dirigi\u00f3 a su padre, Silvino, presunto integrante de la Familia Michoacana, inform\u00f3 la Secretar\u00eda de Seguridad P\u00fablica de Puebla (SSP), ya que contaba con antecedentes penales por extorsi\u00f3n, cobro de piso y portaci\u00f3n de arma de fuego.<\/p>\n\n\n\n<p>El adolescente de 16 a\u00f1os de edad viaj\u00f3 en el asiento del copiloto junto a su padre, madre y hermana, quienes resultaron con lesiones a causa del choque del que fue v\u00edctima el autom\u00f3vil por parte de otro veh\u00edculo donde viajaban los agresores. A Silvino lo trasladaron con vida a un hospital, explic\u00f3 la SSP.<\/p>\n\n\n\n<p>Sergio Salom\u00f3n C\u00e9spedes Peregrina pidi\u00f3 a los alcaldes de la zona metropolitana no bajar la guardia, pues deben generar condiciones de seguridad para la ciudadan\u00eda, ya que el ataque se registr\u00f3 en San Pedro Cholula, que colinda con la capital poblana.<\/p>\n","protected":false},"excerpt":{"rendered":"<p>La reja del colegio Camino Real, ubicado en San Pedro Cholula, Puebla, amaneci\u00f3 cubierta de cartulinas con mensajes de despedida, veladoras de color blanco y flores, ya que maestros, alumnos y padres de familia de la instituci\u00f3n se despidieron de Dominique, estudiante de tercero de secundaria que asesinaron frente al plantel la ma\u00f1ana del pasado [&hellip;]<\/p>\n","protected":false},"author":4,"featured_media":47489,"comment_status":"open","ping_status":"open","sticky":false,"template":"","format":"standard","meta":{"om_disable_all_campaigns":false,"_monsterinsights_skip_tracking":false,"_monsterinsights_sitenote_active":false,"_monsterinsights_sitenote_note":"","_monsterinsights_sitenote_category":0,"footnotes":""},"categories":[175],"tags":[195,223],"class_list":["post-47488","post","type-post","status-publish","format-standard","has-post-thumbnail","hentry","category-local","tag-principal","tag-puebla"],"amp_enabled":true,"_links":{"self":[{"href":"https:\/\/lahora.mx\/index.php\/wp-json\/wp\/v2\/posts\/47488","targetHints":{"allow":["GET"]}}],"collection":[{"href":"https:\/\/lahora.mx\/index.php\/wp-json\/wp\/v2\/posts"}],"about":[{"href":"https:\/\/lahora.mx\/index.php\/wp-json\/wp\/v2\/types\/post"}],"author":[{"embeddable":true,"href":"https:\/\/lahora.mx\/index.php\/wp-json\/wp\/v2\/users\/4"}],"replies":[{"embeddable":true,"href":"https:\/\/lahora.mx\/index.php\/wp-json\/wp\/v2\/comments?post=47488"}],"version-history":[{"count":1,"href":"https:\/\/lahora.mx\/index.php\/wp-json\/wp\/v2\/posts\/47488\/revisions"}],"predecessor-version":[{"id":47490,"href":"https:\/\/lahora.mx\/index.php\/wp-json\/wp\/v2\/posts\/47488\/revisions\/47490"}],"wp:featuredmedia":[{"embeddable":true,"href":"https:\/\/lahora.mx\/index.php\/wp-json\/wp\/v2\/media\/47489"}],"wp:attachment":[{"href":"https:\/\/lahora.mx\/index.php\/wp-json\/wp\/v2\/media?parent=47488"}],"wp:term":[{"taxonomy":"category","embeddable":true,"href":"https:\/\/lahora.mx\/index.php\/wp-json\/wp\/v2\/categories?post=47488"},{"taxonomy":"post_tag","embeddable":true,"href":"https:\/\/lahora.mx\/index.php\/wp-json\/wp\/v2\/tags?post=47488"}],"curies":[{"name":"wp","href":"https:\/\/api.w.org\/{rel}","templated":true}]}}