{"id":47480,"date":"2024-06-13T17:30:22","date_gmt":"2024-06-13T17:30:22","guid":{"rendered":"http:\/\/lahora.mx\/?p=47480"},"modified":"2024-06-13T17:30:23","modified_gmt":"2024-06-13T17:30:23","slug":"se-logra-contener-6-incendios-forestales-en-puebla","status":"publish","type":"post","link":"https:\/\/lahora.mx\/index.php\/2024\/06\/13\/se-logra-contener-6-incendios-forestales-en-puebla\/","title":{"rendered":"Se logra contener 6 incendios forestales en Puebla"},"content":{"rendered":"\n<p>En Puebla fueron sofocados seis incendios forestales, es decir, que hasta el momento no hay ninguno activo, as\u00ed lo inform\u00f3 el gobierno del estado.<\/p>\n\n\n\n<p>A trav\u00e9s de su cuenta de X, el mandatario estatal, Sergio Salom\u00f3n C\u00e9spedes Peregrina, coment\u00f3 que las autoridades est\u00e1n al pendiente en caso de que un siniestro vuelva a activarse.<\/p>\n\n\n\n<p>Expuso que en los municipios de Pahuatl\u00e1n, Ajalpan, Teziutl\u00e1n, Tlaola, Tetela de Ocampo y Tianguismanalco se liquidaron en su totalidad.<\/p>\n\n\n\n<p>Mientras que en Huitzilan de Serd\u00e1n y Xochitl\u00e1n de Vicente Su\u00e1rez est\u00e1n controlados, por lo que este jueves 13 de junio se realizan labores de liquidaci\u00f3n.<\/p>\n\n\n\n<p>Fueron sofocados 6 incendios forestales en Puebla; no hay ninguno activo<br>Es de mencionar que C\u00e9spedes Peregrina ha realizado diversos exhortos a la ciudadan\u00eda para que denuncien aquellos incendios forestales que sean provocados, ya que 90 por ciento de estos las ocasiona \u201cla mano del hombre\u201d.<\/p>\n\n\n\n<p>En lo que va del a\u00f1o, el Gobierno de Puebla interpuso siete denuncias por incendios forestales provocados, de las cuales dos ya cuentan con detenidos y vinculados a proceso.<\/p>\n\n\n\n<p>La ley establece que los delitos contra el medio ambiente se sancionan con dos y hasta 10 a\u00f1os de c\u00e1rcel, adem\u00e1s de una multa de 30 a cinco mil Unidades de Medida y Actualizaci\u00f3n (UMAS), es decir, de tres mil 257 pesos a 542 mil 850 pesos.<\/p>\n","protected":false},"excerpt":{"rendered":"<p>En Puebla fueron sofocados seis incendios forestales, es decir, que hasta el momento no hay ninguno activo, as\u00ed lo inform\u00f3 el gobierno del estado. A trav\u00e9s de su cuenta de X, el mandatario estatal, Sergio Salom\u00f3n C\u00e9spedes Peregrina, coment\u00f3 que las autoridades est\u00e1n al pendiente en caso de que un siniestro vuelva a activarse. Expuso [&hellip;]<\/p>\n","protected":false},"author":4,"featured_media":47481,"comment_status":"open","ping_status":"open","sticky":false,"template":"","format":"standard","meta":{"om_disable_all_campaigns":false,"_monsterinsights_skip_tracking":false,"_monsterinsights_sitenote_active":false,"_monsterinsights_sitenote_note":"","_monsterinsights_sitenote_category":0,"footnotes":""},"categories":[175],"tags":[195,223],"class_list":["post-47480","post","type-post","status-publish","format-standard","has-post-thumbnail","hentry","category-local","tag-principal","tag-puebla"],"amp_enabled":true,"_links":{"self":[{"href":"https:\/\/lahora.mx\/index.php\/wp-json\/wp\/v2\/posts\/47480","targetHints":{"allow":["GET"]}}],"collection":[{"href":"https:\/\/lahora.mx\/index.php\/wp-json\/wp\/v2\/posts"}],"about":[{"href":"https:\/\/lahora.mx\/index.php\/wp-json\/wp\/v2\/types\/post"}],"author":[{"embeddable":true,"href":"https:\/\/lahora.mx\/index.php\/wp-json\/wp\/v2\/users\/4"}],"replies":[{"embeddable":true,"href":"https:\/\/lahora.mx\/index.php\/wp-json\/wp\/v2\/comments?post=47480"}],"version-history":[{"count":1,"href":"https:\/\/lahora.mx\/index.php\/wp-json\/wp\/v2\/posts\/47480\/revisions"}],"predecessor-version":[{"id":47482,"href":"https:\/\/lahora.mx\/index.php\/wp-json\/wp\/v2\/posts\/47480\/revisions\/47482"}],"wp:featuredmedia":[{"embeddable":true,"href":"https:\/\/lahora.mx\/index.php\/wp-json\/wp\/v2\/media\/47481"}],"wp:attachment":[{"href":"https:\/\/lahora.mx\/index.php\/wp-json\/wp\/v2\/media?parent=47480"}],"wp:term":[{"taxonomy":"category","embeddable":true,"href":"https:\/\/lahora.mx\/index.php\/wp-json\/wp\/v2\/categories?post=47480"},{"taxonomy":"post_tag","embeddable":true,"href":"https:\/\/lahora.mx\/index.php\/wp-json\/wp\/v2\/tags?post=47480"}],"curies":[{"name":"wp","href":"https:\/\/api.w.org\/{rel}","templated":true}]}}