{"id":47477,"date":"2024-06-13T17:09:15","date_gmt":"2024-06-13T17:09:15","guid":{"rendered":"http:\/\/lahora.mx\/?p=47477"},"modified":"2024-06-13T17:09:16","modified_gmt":"2024-06-13T17:09:16","slug":"xochitl-galvez-habla-de-conflicto-con-marko-cortes","status":"publish","type":"post","link":"https:\/\/lahora.mx\/index.php\/2024\/06\/13\/xochitl-galvez-habla-de-conflicto-con-marko-cortes\/","title":{"rendered":"X\u00f3chitl G\u00e1lvez habla de conflicto con Marko Cort\u00e9s"},"content":{"rendered":"\n<p>X\u00f3chitl Bertha G\u00e1lvez Ruiz, quien fue abanderada de la coalici\u00f3n Fuerza y Coraz\u00f3n por M\u00e9xico a la presidencia de M\u00e9xico, aclar\u00f3 el conflicto que tuvo con el dirigente naci\u00f3n del partido blanquiazul, Marko Antonio Cort\u00e9s Mendoza, sobre una supuesta agresi\u00f3n verbal del pol\u00edtico con la excandidata luego de que ella felicit\u00f3 a Claudia Sheinbaum Pardo tras los primeros resultados de las votaciones del 2 de junio.<\/p>\n\n\n\n<p>La senadora acept\u00f3 este 13 de junio en entrevistas para Radio F\u00f3rmula que hizo las paces con su derrota en las urnas el 2 de junio contra la virtual presidenta del pa\u00eds que impuls\u00f3 la alianza oficialista Sigamos Haciendo Historia y calific\u00f3 a Morena como \u201cmal perdedor\u201d pues \u201caunque ganaron todo\u201d no reconocen la victoria opositora en diversas alcald\u00edas de la Ciudad de M\u00e9xico (CDMX) ni de Movimiento Ciudadano (MC) en Jalisco.<\/p>\n\n\n\n<p>La relaci\u00f3n con Marko Cort\u00e9s fue la m\u00e1s dif\u00edcil<br>Con Azucena Uresti, la excandidata se\u00f1al\u00f3 que de los tres dirigentes de la coalici\u00f3n opositora, la relaci\u00f3n m\u00e1s \u201ccomplicada\u201d la tuvo con el del PAN; se\u00f1al\u00f3 que dos semanas despu\u00e9s del primer debate la confront\u00f3 y le dijo \u201clos panistas siempre ganan debates\u201d, y que \u201ctodo lo hab\u00eda hecho mal\u201d.<br>Sobre la situaci\u00f3n de la supuesta \u201cmentada de madre\u201d que Cort\u00e9s le hizo a G\u00e1lvez cuando ella felicit\u00f3 a Sheinbaum por su virtual victoria en los comicios del 2 de junio, la panista se\u00f1al\u00f3 que la acusaci\u00f3n es falsa, aunque revel\u00f3 el dirigente panista s\u00ed se comunic\u00f3 con ella la ma\u00f1ana de este jueves para sostener una reuni\u00f3n personal y limar asperezas.<\/p>\n\n\n\n<p>\u201cLa pr\u00f3xima semana voy a reunirme con Marko Cort\u00e9s (\u2026) debo agradecer a los tres dirigentes por hacerme su candidata y cierro el ciclo\u201d, sentenci\u00f3 sobre el tema X\u00f3chitl G\u00e1lvez.<\/p>\n\n\n\n<p>Calific\u00f3 de mal perdedor a Morena porque, aunque se hizo del carro completo en varios estados y obtuvo mayor\u00eda en el Congreso, no acepta que perdi\u00f3 varias alcald\u00edas en la CDMX, entre ellas la Cuauht\u00e9moc, o que MC los derrot\u00f3 en Jalisco, donde buscan impugnar las elecciones.<\/p>\n\n\n\n<p>Si le incomoda, que me disculpe mis formas: Marko Cort\u00e9s<br>Posterior a la entrevista con la actual senadora panista, el dirigente del partido azul tambi\u00e9n se present\u00f3 con la comunicadora para hablar sobre su relaci\u00f3n con la exasiprante presidencial y las impugnaciones de su partido con los resultados del 2 de junio.<\/p>\n\n\n\n<p>Sobre el segundo tema se\u00f1al\u00f3 que llevaron a cabo el recurso ya que, de acuerdo con su interpretaci\u00f3n, el presidente Andr\u00e9s Manuel L\u00f3pez Obrador intervino en el proceso; \u201cMetimos la impugnaci\u00f3n por las elecciones, debido a que el presidente estuvo involucrado, los cuervos de la naci\u00f3n estuvieron operando\u201d, subray\u00f3.<\/p>\n\n\n\n<p>En cuanto al tema con G\u00e1lvez, se\u00f1al\u00f3 que \u201cuna cosa es hablar claro, fuerte y asertivo, otra es gritar\u201d, y que si bien le llam\u00f3 atenci\u00f3n a X\u00f3chitl fue porque ella no respet\u00f3 el pacto que hicieron una semana antes del 2 de junio, cuando acordaron solamente \u201cdar\u00edan un posicionamiento\u201d.<\/p>\n\n\n\n<p>\u201cSale Claudia Sheinbaum diciendo que le acababa de hablar X\u00f3chitl G\u00e1lvez para felicitarla (\u2026) imaginar\u00e1s las llamadas que estuve recibiendo de todo el pa\u00eds\u201d; se\u00f1al\u00f3 que la reuni\u00f3n entre ambos ser\u00e1 para \u201cpara limar cualquier diferencia, pedirle que nos apoye, tener la plena convicci\u00f3n de siempre decir lo que creo (\u2026) si le incomoda [a X\u00f3chitl G\u00e1lvez], que me disculpe en mi forma\u00bb, subray\u00f3.<\/p>\n","protected":false},"excerpt":{"rendered":"<p>X\u00f3chitl Bertha G\u00e1lvez Ruiz, quien fue abanderada de la coalici\u00f3n Fuerza y Coraz\u00f3n por M\u00e9xico a la presidencia de M\u00e9xico, aclar\u00f3 el conflicto que tuvo con el dirigente naci\u00f3n del partido blanquiazul, Marko Antonio Cort\u00e9s Mendoza, sobre una supuesta agresi\u00f3n verbal del pol\u00edtico con la excandidata luego de que ella felicit\u00f3 a Claudia Sheinbaum Pardo [&hellip;]<\/p>\n","protected":false},"author":4,"featured_media":47478,"comment_status":"open","ping_status":"open","sticky":false,"template":"","format":"standard","meta":{"om_disable_all_campaigns":false,"_monsterinsights_skip_tracking":false,"_monsterinsights_sitenote_active":false,"_monsterinsights_sitenote_note":"","_monsterinsights_sitenote_category":0,"footnotes":""},"categories":[176],"tags":[],"class_list":["post-47477","post","type-post","status-publish","format-standard","has-post-thumbnail","hentry","category-nacional"],"amp_enabled":true,"_links":{"self":[{"href":"https:\/\/lahora.mx\/index.php\/wp-json\/wp\/v2\/posts\/47477","targetHints":{"allow":["GET"]}}],"collection":[{"href":"https:\/\/lahora.mx\/index.php\/wp-json\/wp\/v2\/posts"}],"about":[{"href":"https:\/\/lahora.mx\/index.php\/wp-json\/wp\/v2\/types\/post"}],"author":[{"embeddable":true,"href":"https:\/\/lahora.mx\/index.php\/wp-json\/wp\/v2\/users\/4"}],"replies":[{"embeddable":true,"href":"https:\/\/lahora.mx\/index.php\/wp-json\/wp\/v2\/comments?post=47477"}],"version-history":[{"count":1,"href":"https:\/\/lahora.mx\/index.php\/wp-json\/wp\/v2\/posts\/47477\/revisions"}],"predecessor-version":[{"id":47479,"href":"https:\/\/lahora.mx\/index.php\/wp-json\/wp\/v2\/posts\/47477\/revisions\/47479"}],"wp:featuredmedia":[{"embeddable":true,"href":"https:\/\/lahora.mx\/index.php\/wp-json\/wp\/v2\/media\/47478"}],"wp:attachment":[{"href":"https:\/\/lahora.mx\/index.php\/wp-json\/wp\/v2\/media?parent=47477"}],"wp:term":[{"taxonomy":"category","embeddable":true,"href":"https:\/\/lahora.mx\/index.php\/wp-json\/wp\/v2\/categories?post=47477"},{"taxonomy":"post_tag","embeddable":true,"href":"https:\/\/lahora.mx\/index.php\/wp-json\/wp\/v2\/tags?post=47477"}],"curies":[{"name":"wp","href":"https:\/\/api.w.org\/{rel}","templated":true}]}}