{"id":47437,"date":"2024-06-13T00:40:52","date_gmt":"2024-06-13T00:40:52","guid":{"rendered":"http:\/\/lahora.mx\/?p=47437"},"modified":"2024-06-13T00:40:52","modified_gmt":"2024-06-13T00:40:52","slug":"son-momentos-especiales-no-hay-inestabilidad-economica-claudia-sheinbaum","status":"publish","type":"post","link":"https:\/\/lahora.mx\/index.php\/2024\/06\/13\/son-momentos-especiales-no-hay-inestabilidad-economica-claudia-sheinbaum\/","title":{"rendered":"Son momentos especiales, no hay inestabilidad econ\u00f3mica: Claudia Sheinbaum"},"content":{"rendered":"\n<p>La econom\u00eda mexicana no tiene signos de inestabilidad o nerviosismo, sino que se trata de \u201cmomentos especiales\u201d, afirm\u00f3 la virtual presidenta electa, Claudia Sheinbaum.<\/p>\n\n\n\n<p>En rueda de prensa, Sheinbaum insisti\u00f3 por segundo d\u00eda consecutivo que la econom\u00eda mexicana es estable, no hay problemas estructurales y la econom\u00eda interna es s\u00f3lida.<\/p>\n\n\n\n<p>Coincido en que la econom\u00eda mexicana est\u00e1 muy s\u00f3lida. Hay inversi\u00f3n extranjera, ustedes ven que muchos inversionistas pidieron reuniones est\u00e1 semana, todos tienen deseos de invertir en M\u00e9xico, extranjeros, nacionales. No hay un problema estructural, la econom\u00eda interna est\u00e1 bien, es decir, est\u00e1 s\u00f3lida la econom\u00eda mexicana. Son momentos especiales y se van a ajustar. No hay ning\u00fan nerviosismo, problemas. Estamos seguros de la solidez de la econom\u00eda nacional\u201d, expuso en rueda de prensa..<\/p>\n\n\n\n<p>Adelant\u00f3 que el partido Morena ser\u00e1 el encargado de realizar la encuesta para determinar la opini\u00f3n de la ciudadan\u00eda acerca del Poder Judicial y que el congreso ser\u00e1 quien lleve a cabo los foros de discusi\u00f3n de esa iniciativa<\/p>\n\n\n\n<p>Dijo que adem\u00e1s de acompa\u00f1ar al presidente Andr\u00e9s Manuel L\u00f3pez Obrador en sus giras de fin de semana, ella realizar\u00e1 una \u201cgira de agradecimiento\u201d durante las 15 semanas que hay de aqu\u00ed a la toma de protesta como presidenta.<\/p>\n\n\n\n<p>Sheinbaum coment\u00f3 que recibi\u00f3 una carta de felicitaci\u00f3n por su victoria que responder\u00e1 argumentando que a\u00fan el Poder Judicial no ha ratificado su triunfo.<\/p>\n","protected":false},"excerpt":{"rendered":"<p>La econom\u00eda mexicana no tiene signos de inestabilidad o nerviosismo, sino que se trata de \u201cmomentos especiales\u201d, afirm\u00f3 la virtual presidenta electa, Claudia Sheinbaum. En rueda de prensa, Sheinbaum insisti\u00f3 por segundo d\u00eda consecutivo que la econom\u00eda mexicana es estable, no hay problemas estructurales y la econom\u00eda interna es s\u00f3lida. Coincido en que la econom\u00eda [&hellip;]<\/p>\n","protected":false},"author":4,"featured_media":47438,"comment_status":"open","ping_status":"open","sticky":false,"template":"","format":"standard","meta":{"om_disable_all_campaigns":false,"_monsterinsights_skip_tracking":false,"_monsterinsights_sitenote_active":false,"_monsterinsights_sitenote_note":"","_monsterinsights_sitenote_category":0,"footnotes":""},"categories":[176],"tags":[],"class_list":["post-47437","post","type-post","status-publish","format-standard","has-post-thumbnail","hentry","category-nacional"],"amp_enabled":true,"_links":{"self":[{"href":"https:\/\/lahora.mx\/index.php\/wp-json\/wp\/v2\/posts\/47437","targetHints":{"allow":["GET"]}}],"collection":[{"href":"https:\/\/lahora.mx\/index.php\/wp-json\/wp\/v2\/posts"}],"about":[{"href":"https:\/\/lahora.mx\/index.php\/wp-json\/wp\/v2\/types\/post"}],"author":[{"embeddable":true,"href":"https:\/\/lahora.mx\/index.php\/wp-json\/wp\/v2\/users\/4"}],"replies":[{"embeddable":true,"href":"https:\/\/lahora.mx\/index.php\/wp-json\/wp\/v2\/comments?post=47437"}],"version-history":[{"count":1,"href":"https:\/\/lahora.mx\/index.php\/wp-json\/wp\/v2\/posts\/47437\/revisions"}],"predecessor-version":[{"id":47439,"href":"https:\/\/lahora.mx\/index.php\/wp-json\/wp\/v2\/posts\/47437\/revisions\/47439"}],"wp:featuredmedia":[{"embeddable":true,"href":"https:\/\/lahora.mx\/index.php\/wp-json\/wp\/v2\/media\/47438"}],"wp:attachment":[{"href":"https:\/\/lahora.mx\/index.php\/wp-json\/wp\/v2\/media?parent=47437"}],"wp:term":[{"taxonomy":"category","embeddable":true,"href":"https:\/\/lahora.mx\/index.php\/wp-json\/wp\/v2\/categories?post=47437"},{"taxonomy":"post_tag","embeddable":true,"href":"https:\/\/lahora.mx\/index.php\/wp-json\/wp\/v2\/tags?post=47437"}],"curies":[{"name":"wp","href":"https:\/\/api.w.org\/{rel}","templated":true}]}}