{"id":47434,"date":"2024-06-13T00:34:20","date_gmt":"2024-06-13T00:34:20","guid":{"rendered":"http:\/\/lahora.mx\/?p=47434"},"modified":"2024-06-13T00:34:20","modified_gmt":"2024-06-13T00:34:20","slug":"julio-frenk-exsecretario-de-salud-es-nombrado-nuevo-rector-de-la-universidad-de-los-angeles","status":"publish","type":"post","link":"https:\/\/lahora.mx\/index.php\/2024\/06\/13\/julio-frenk-exsecretario-de-salud-es-nombrado-nuevo-rector-de-la-universidad-de-los-angeles\/","title":{"rendered":"Julio Frenk, exsecretario de Salud, es nombrado nuevo rector de la Universidad de Los \u00c1ngeles"},"content":{"rendered":"\n<p>El exsecretario de Salud de M\u00e9xico durante el sexenio de Vicente Fox Quesada (2000-2006), y actual presidente de la Universidad de Miami, Julio Frenk Mora, fue elegido este mi\u00e9rcoles 12 de junio como nuevo rector de la Universidad de California Los \u00c1ngeles (UCLA), con lo que se convierte en el primer latinoamericano en dirigir una de las universidades p\u00fablicas m\u00e1s importantes de Estados Unidos.<\/p>\n\n\n\n<p>Este mi\u00e9rcoles, la Junta de Regentes de la Universidad de California aprob\u00f3 por unanimidad el nombramiento del acad\u00e9mico, de 70 a\u00f1os y nacido en M\u00e9xico, para dirigir la instituci\u00f3n educativa que est\u00e1 considerada como uno de los principales centros de investigaci\u00f3n estadounidenses.<\/p>\n\n\n\n<p>\u00bfQui\u00e9n es el m\u00e9dico Julio Frenk?<br>M\u00e9dico de profesi\u00f3n, Frenk tiene una gran experiencia en salud p\u00fablica y ha liderado grandes recaudaciones de fondos para la Universidad de Miami y para la Escuela de Salud P\u00fablica de Harvard.<\/p>\n\n\n\n<p>Julio Frenk se desempe\u00f1\u00f3 como secretario de Salud de M\u00e9xico de 2000 a 2006, luego se convirti\u00f3 en decano de la Escuela de Salud P\u00fablica de Harvard y en 2015 asumi\u00f3 la presidencia de la Universidad de Miami.<br>El m\u00e9dico reemplazar\u00e1 a Gene Block -quien dejar\u00e1 su cargo en julio despu\u00e9s de 17 a\u00f1os- y asumir\u00e1 en enero de 2025. \u201cEn este momento crucial para la educaci\u00f3n superior, regresar al sector p\u00fablico para liderar una de las mejores universidades de investigaci\u00f3n del mundo, incluido uno de los 10 sistemas acad\u00e9micos de salud m\u00e1s grandes, es una oportunidad emocionante y un gran honor para m\u00ed\u201d, dijo Frenk en un comunicado.<\/p>\n\n\n\n<p>De ra\u00edces alemanas y jud\u00edas, Frenk tendr\u00e1 que lidiar con un campus dividido por la forma en que la universidad respondi\u00f3 a los campamentos de protesta contra la guerra de Israel y Ham\u00e1s.<\/p>\n\n\n\n<p>A esto se suman los conflictos laborales y las quejas de creciente carga laboral para los profesores.<\/p>\n","protected":false},"excerpt":{"rendered":"<p>El exsecretario de Salud de M\u00e9xico durante el sexenio de Vicente Fox Quesada (2000-2006), y actual presidente de la Universidad de Miami, Julio Frenk Mora, fue elegido este mi\u00e9rcoles 12 de junio como nuevo rector de la Universidad de California Los \u00c1ngeles (UCLA), con lo que se convierte en el primer latinoamericano en dirigir una [&hellip;]<\/p>\n","protected":false},"author":4,"featured_media":47435,"comment_status":"open","ping_status":"open","sticky":false,"template":"","format":"standard","meta":{"om_disable_all_campaigns":false,"_monsterinsights_skip_tracking":false,"_monsterinsights_sitenote_active":false,"_monsterinsights_sitenote_note":"","_monsterinsights_sitenote_category":0,"footnotes":""},"categories":[176],"tags":[],"class_list":["post-47434","post","type-post","status-publish","format-standard","has-post-thumbnail","hentry","category-nacional"],"amp_enabled":true,"_links":{"self":[{"href":"https:\/\/lahora.mx\/index.php\/wp-json\/wp\/v2\/posts\/47434","targetHints":{"allow":["GET"]}}],"collection":[{"href":"https:\/\/lahora.mx\/index.php\/wp-json\/wp\/v2\/posts"}],"about":[{"href":"https:\/\/lahora.mx\/index.php\/wp-json\/wp\/v2\/types\/post"}],"author":[{"embeddable":true,"href":"https:\/\/lahora.mx\/index.php\/wp-json\/wp\/v2\/users\/4"}],"replies":[{"embeddable":true,"href":"https:\/\/lahora.mx\/index.php\/wp-json\/wp\/v2\/comments?post=47434"}],"version-history":[{"count":1,"href":"https:\/\/lahora.mx\/index.php\/wp-json\/wp\/v2\/posts\/47434\/revisions"}],"predecessor-version":[{"id":47436,"href":"https:\/\/lahora.mx\/index.php\/wp-json\/wp\/v2\/posts\/47434\/revisions\/47436"}],"wp:featuredmedia":[{"embeddable":true,"href":"https:\/\/lahora.mx\/index.php\/wp-json\/wp\/v2\/media\/47435"}],"wp:attachment":[{"href":"https:\/\/lahora.mx\/index.php\/wp-json\/wp\/v2\/media?parent=47434"}],"wp:term":[{"taxonomy":"category","embeddable":true,"href":"https:\/\/lahora.mx\/index.php\/wp-json\/wp\/v2\/categories?post=47434"},{"taxonomy":"post_tag","embeddable":true,"href":"https:\/\/lahora.mx\/index.php\/wp-json\/wp\/v2\/tags?post=47434"}],"curies":[{"name":"wp","href":"https:\/\/api.w.org\/{rel}","templated":true}]}}