{"id":47419,"date":"2024-06-12T17:18:38","date_gmt":"2024-06-12T17:18:38","guid":{"rendered":"http:\/\/lahora.mx\/?p=47419"},"modified":"2024-06-12T17:18:39","modified_gmt":"2024-06-12T17:18:39","slug":"no-habra-marcha-atras-en-reforma-al-poder-judicial-por-nerviosismo-financiero-amlo","status":"publish","type":"post","link":"https:\/\/lahora.mx\/index.php\/2024\/06\/12\/no-habra-marcha-atras-en-reforma-al-poder-judicial-por-nerviosismo-financiero-amlo\/","title":{"rendered":"No habr\u00e1 marcha atr\u00e1s en reforma al Poder Judicial por nerviosismo financiero: AMLO"},"content":{"rendered":"\n<p>El presidente Andr\u00e9s Manuel L\u00f3pez Obrador encabeza su conferencia \u2018ma\u00f1anera\u2019 de este mi\u00e9rcoles 12 de junio de 2024 desde Palacio Nacional, acompa\u00f1ado por Elizabeth Garc\u00eda Vilchis, para presentar la secci\u00f3n \u2018Qui\u00e9n es qui\u00e9n en las mentiras de la semana\u2019.<\/p>\n\n\n\n<p>AMLO \u2018celebra\u2019 apertura de jueces a reforma al Poder Judicial, pero insiste en elecci\u00f3n popular<br>L\u00f3pez Obrador continu\u00f3 con el tema de la reforma al Poder Judicial y celebr\u00f3 que jueces y ministros se hayan mostrado abiertos al debate.<\/p>\n\n\n\n<p>\u201cMe dio mucho gusto que jueces aceptaron participar en el di\u00e1logo y debate sobre la reforma al Poder Judicial y eso es muy bueno\u201d, agreg\u00f3.<\/p>\n\n\n\n<p>Al cuestionarlo sobre las consultas sobre dicha reforma, propuestas por Claudia Sheinbaum, y el debate sobre el mismo tema, AMLO asegur\u00f3 que hay muchos aspectos a tomar en cuenta, pero \u00e9l insiste en que la elecci\u00f3n de los integrantes del Poder Judicial sea por voto popular.<\/p>\n\n\n\n<p>Tribunal de Disciplina Judicial: \u00bfQu\u00e9 sabemos de la propuesta de AMLO para \u2018castigar\u2019 a ministros?<br>De esto va la creaci\u00f3n de un tribunal facultado para sancionar a jueces y magistrados. (Cuartoscuro)<br>\u201cNo se est\u00e1 juzgando a nadie, nada m\u00e1s que se sometan al escrutinio p\u00fablico. Si el juez ha hecho bien su trabajo y va de candidato, la gente lo va a apoyar y lo mismo un magistrado, un ministro\u201d, explic\u00f3 el presidente y asegur\u00f3 que es para \u2018limpiar\u2019 al Poder Judicial.<\/p>\n\n\n\n<p>AMLO saldr\u00e1 de gira con Sheinbaum este fin de semana, \u00bfqu\u00e9 estados visitar\u00e1n?<br>AMLO confirm\u00f3 que este fin de semana realizar\u00e1 una gira por el norte del pa\u00eds en compa\u00f1\u00eda de la virtual presidenta electa, Claudia Sheinbaum.<\/p>\n\n\n\n<p>L\u00f3pez Obrador dijo que visitar\u00e1n regiones de Durango, Coahuila y Tamaulipas. \u201cSu equipo y ella est\u00e1n viendo la agenda y nos va a dar mucho gusto acompa\u00f1arla\u201d, agreg\u00f3.<\/p>\n\n\n\n<p>Claudia Sheinbaum asegur\u00f3 ayer que ella se ir\u00e1 en vuelos comerciales, lo cual fue confirmado por AMLO al decir que no viajar\u00e1n juntos, pero se reunir\u00e1n constantemente y hablar\u00e1n durante los trayectos.<\/p>\n\n\n\n<p>\u201cVamos a hablar de reuniones informativas y a nosotros nos ayuda mucho, a la presidenta electa y al presidente Constitucional, para ir viendo lo de la transici\u00f3n, sobre los proyectos, sobre lo que se ha hecho, lo que est\u00e1 en proceso, lo que hace falta\u201d, a\u00f1adi\u00f3 L\u00f3pez Obrador.<\/p>\n\n\n\n<p>AMLO advierte que nerviosismo financiero no afectar\u00e1 la reforma al Poder Judicial<br>El presidente L\u00f3pez Obrador insisti\u00f3 en que la iniciativa de reforma al Poder Judicial continuar\u00e1 a pesar de la reacci\u00f3n de los mercados e inversionistas.<\/p>\n\n\n\n<p>\u201cEst\u00e1n equivocados quienes piensan que vamos a dar marcha atr\u00e1s a prop\u00f3sito de reformar el Poder Judicial que est\u00e1 podrido, que est\u00e1 dominado por la corrupci\u00f3n solo porque hay nerviosismo financiero\u201d, dijo.<\/p>\n\n\n\n<p>\u201c\u00bfPor qu\u00e9 le tienen miedo al pueblo, por qu\u00e9 le tienen miedo a la democracia?\u201d, cuestion\u00f3 AMLO al insistir en que la reforma es para que los ciudadanos elijan a jueces, ministros y magistrados.<\/p>\n\n\n\n<p>AMLO insisti\u00f3 en que la iniciativa obedece a la estrategia de combatir a la corrupci\u00f3n, la cual ayuda a mejorar la econom\u00eda.<\/p>\n\n\n\n<p>Tren Maya: \u00bfCu\u00e1ntas piezas arqueol\u00f3gicas se han recuperado durante su construcci\u00f3n?<br>El director del Instituto Nacional de Antropolog\u00eda e Historia (INAH), Diego Prieto, inform\u00f3 sobre la recuperaci\u00f3n de patrimonio cultural que incluye piezas arqueol\u00f3gicas, durante la construcci\u00f3n del Tren Maya.<\/p>\n\n\n\n<p>Al 12 de junio se han registrado y preservado los siguientes vestigios:<\/p>\n\n\n\n<p>62 mil 024 elementos constructivos.<br>1 mill\u00f3n 453 mil 196 fragmentos de cer\u00e1mica.<br>1, 993 bienes inmuebles.<br>701 restos humanos.<br>2 mil 252 rasgos naturales.<br>Dichos elementos formar\u00e1n parte de las exposiciones de los 9 museos que integran la ruta del Tren Maya y son: Palenque, Moral-Reforma, Edzn\u00e1, Ruta Puuc, Dzibilchalt\u00fan, Gran museo de Chich\u00e9n Itz\u00e1, Costa oriental, museo de la Guerra Social Maya, Calakmul y el espacio cultural Ateneo Peninsular.<\/p>\n","protected":false},"excerpt":{"rendered":"<p>El presidente Andr\u00e9s Manuel L\u00f3pez Obrador encabeza su conferencia \u2018ma\u00f1anera\u2019 de este mi\u00e9rcoles 12 de junio de 2024 desde Palacio Nacional, acompa\u00f1ado por Elizabeth Garc\u00eda Vilchis, para presentar la secci\u00f3n \u2018Qui\u00e9n es qui\u00e9n en las mentiras de la semana\u2019. AMLO \u2018celebra\u2019 apertura de jueces a reforma al Poder Judicial, pero insiste en elecci\u00f3n popularL\u00f3pez Obrador [&hellip;]<\/p>\n","protected":false},"author":4,"featured_media":47420,"comment_status":"open","ping_status":"open","sticky":false,"template":"","format":"standard","meta":{"om_disable_all_campaigns":false,"_monsterinsights_skip_tracking":false,"_monsterinsights_sitenote_active":false,"_monsterinsights_sitenote_note":"","_monsterinsights_sitenote_category":0,"footnotes":""},"categories":[176],"tags":[],"class_list":["post-47419","post","type-post","status-publish","format-standard","has-post-thumbnail","hentry","category-nacional"],"amp_enabled":true,"_links":{"self":[{"href":"https:\/\/lahora.mx\/index.php\/wp-json\/wp\/v2\/posts\/47419","targetHints":{"allow":["GET"]}}],"collection":[{"href":"https:\/\/lahora.mx\/index.php\/wp-json\/wp\/v2\/posts"}],"about":[{"href":"https:\/\/lahora.mx\/index.php\/wp-json\/wp\/v2\/types\/post"}],"author":[{"embeddable":true,"href":"https:\/\/lahora.mx\/index.php\/wp-json\/wp\/v2\/users\/4"}],"replies":[{"embeddable":true,"href":"https:\/\/lahora.mx\/index.php\/wp-json\/wp\/v2\/comments?post=47419"}],"version-history":[{"count":1,"href":"https:\/\/lahora.mx\/index.php\/wp-json\/wp\/v2\/posts\/47419\/revisions"}],"predecessor-version":[{"id":47421,"href":"https:\/\/lahora.mx\/index.php\/wp-json\/wp\/v2\/posts\/47419\/revisions\/47421"}],"wp:featuredmedia":[{"embeddable":true,"href":"https:\/\/lahora.mx\/index.php\/wp-json\/wp\/v2\/media\/47420"}],"wp:attachment":[{"href":"https:\/\/lahora.mx\/index.php\/wp-json\/wp\/v2\/media?parent=47419"}],"wp:term":[{"taxonomy":"category","embeddable":true,"href":"https:\/\/lahora.mx\/index.php\/wp-json\/wp\/v2\/categories?post=47419"},{"taxonomy":"post_tag","embeddable":true,"href":"https:\/\/lahora.mx\/index.php\/wp-json\/wp\/v2\/tags?post=47419"}],"curies":[{"name":"wp","href":"https:\/\/api.w.org\/{rel}","templated":true}]}}