{"id":47383,"date":"2024-06-11T16:37:47","date_gmt":"2024-06-11T16:37:47","guid":{"rendered":"http:\/\/lahora.mx\/?p=47383"},"modified":"2024-06-11T16:37:48","modified_gmt":"2024-06-11T16:37:48","slug":"acusan-corrupcion-en-transito-municipal-de-tehuacan","status":"publish","type":"post","link":"https:\/\/lahora.mx\/index.php\/2024\/06\/11\/acusan-corrupcion-en-transito-municipal-de-tehuacan\/","title":{"rendered":"Acusan corrupci\u00f3n en Tr\u00e1nsito Municipal de Tehuac\u00e1n"},"content":{"rendered":"\n<p>Los familiares de dos hombres que fueron atropellados el pasado 5 de junio acusaron presunta corrupci\u00f3n en la direcci\u00f3n de Tr\u00e1nsito Municipal de Tehuac\u00e1n, ya que detuvieron al presunto responsable del accidente que horas m\u00e1s tarde sali\u00f3 libre porque peritaje arroj\u00f3 que no fue un accidente sino \u00absemaforazo\u00bb, cuando existen videos que demostraron lo contrario.<\/p>\n\n\n\n<p>Socorro Jim\u00e9nez Rosas, madre de Jos\u00e9 Manuel Allende de 26 a\u00f1os, indic\u00f3 que el pasado 5 de junio su hijo y Rafael M\u00e9ndez Balderas, de 45 a\u00f1os, transitaron sobre Reforma Sur y ten\u00edan el paso a su favor, sin embargo, un sujeto que al que identificaron como Juan Coyotl, se pas\u00f3 el alto; el impacto caus\u00f3 lesiones severas a Jos\u00e9 Manuel y Rafael, el otro conductor iba en aparente en estado de ebriedad.<\/p>\n\n\n\n<p>Acusan corrupci\u00f3n en Tr\u00e1nsito Municipal de Tehuac\u00e1n; implican a edil auxiliar<br>La madre del afectado se\u00f1al\u00f3 que en un primer momento la familia del supuesto responsable asegur\u00f3 se har\u00eda cargo de los gastos m\u00e9dicos y la rehabilitaci\u00f3n de los lesionados, por lo que solicitaron se trasladaran a una cl\u00ednica particular de nombre Sagrado Coraz\u00f3n donde los alcanzar\u00edan, pero no pagaron ni la m\u00ednima cantidad.<br>La aseguradora que correr\u00eda con los gastos se llama HDI, pero tampoco se present\u00f3 a la cl\u00ednica, aunque s\u00ed a la direcci\u00f3n de Tr\u00e1nsito Municipal. No se lleg\u00f3 a acuerdo alguno con los afectados y en menos de 24 horas el supuesto responsable fue liberado, ya que se determin\u00f3 que el accidente se deriv\u00f3 de un \u00absemaforazo\u00bb, por lo que se deslind\u00f3 el conductor que impact\u00f3.<\/p>\n\n\n\n<p>Acusan corrupci\u00f3n en Tr\u00e1nsito Municipal de Tehuac\u00e1n; implican a edil auxiliar<br>Familias de los afectados internaron a los dos hombres en la cl\u00ednica del Sagrado Coraz\u00f3n, pero al no poder cubrir los gastos los trasladaron a otra cl\u00ednica con costos accesibles para ellos. Se\u00f1alaron en total, hasta el momento de redactar esta nota, pagaron m\u00e1s de 100 mil pesos. La cuenta sigue creciendo.<\/p>\n\n\n\n<p>Informaron que Juan Coyotl, supuesto responsable del accidente, es familiar del presidente auxiliar de San Pedro Acoquiaco, Miguel \u00c1ngel Coyotl Mart\u00ednez, y que a trav\u00e9s de \u00e9l que el hecho qued\u00f3 impune. Cerca de las 16:20 horas, por medio de un video que public\u00f3 un medio local, el pol\u00ectico se deslind\u00f3 del presunto acto de corrupci\u00f3n.<br>Acusan corrupci\u00f3n en Tr\u00e1nsito Municipal de Tehuac\u00e1n; implican a edil auxiliar<br>Tania Yamileth Garc\u00eda M\u00e9ndez, familiar de Rafael M\u00e9ndez Balderas, mencion\u00f3 que el hombre present\u00f3 lesiones en la pierna, que qued\u00f3 partida en tres partes, y su brazo, que se rompi\u00f3 en dos, adem\u00e1s refiri\u00f3 su f\u00e9mur se disloc\u00f3 y dos costillas se rompieron, las cuales presionaron el pulm\u00f3n e h\u00edgado, que colaps\u00f3.<\/p>\n\n\n\n<p>Ante los hechos solicitaron a la autoridad que investigue los presuntos casos de corrupci\u00f3n al interior de Tr\u00e1nsito Municipal, ya que se\u00f1alaron no es la primera situaci\u00f3n parecida, en otros casos motociclistas que sufrieron afectaciones similares se manifestaron para exigir justicia.<\/p>\n","protected":false},"excerpt":{"rendered":"<p>Los familiares de dos hombres que fueron atropellados el pasado 5 de junio acusaron presunta corrupci\u00f3n en la direcci\u00f3n de Tr\u00e1nsito Municipal de Tehuac\u00e1n, ya que detuvieron al presunto responsable del accidente que horas m\u00e1s tarde sali\u00f3 libre porque peritaje arroj\u00f3 que no fue un accidente sino \u00absemaforazo\u00bb, cuando existen videos que demostraron lo contrario. [&hellip;]<\/p>\n","protected":false},"author":4,"featured_media":47384,"comment_status":"open","ping_status":"open","sticky":false,"template":"","format":"standard","meta":{"om_disable_all_campaigns":false,"_monsterinsights_skip_tracking":false,"_monsterinsights_sitenote_active":false,"_monsterinsights_sitenote_note":"","_monsterinsights_sitenote_category":0,"footnotes":""},"categories":[175],"tags":[223],"class_list":["post-47383","post","type-post","status-publish","format-standard","has-post-thumbnail","hentry","category-local","tag-puebla"],"amp_enabled":true,"_links":{"self":[{"href":"https:\/\/lahora.mx\/index.php\/wp-json\/wp\/v2\/posts\/47383","targetHints":{"allow":["GET"]}}],"collection":[{"href":"https:\/\/lahora.mx\/index.php\/wp-json\/wp\/v2\/posts"}],"about":[{"href":"https:\/\/lahora.mx\/index.php\/wp-json\/wp\/v2\/types\/post"}],"author":[{"embeddable":true,"href":"https:\/\/lahora.mx\/index.php\/wp-json\/wp\/v2\/users\/4"}],"replies":[{"embeddable":true,"href":"https:\/\/lahora.mx\/index.php\/wp-json\/wp\/v2\/comments?post=47383"}],"version-history":[{"count":1,"href":"https:\/\/lahora.mx\/index.php\/wp-json\/wp\/v2\/posts\/47383\/revisions"}],"predecessor-version":[{"id":47385,"href":"https:\/\/lahora.mx\/index.php\/wp-json\/wp\/v2\/posts\/47383\/revisions\/47385"}],"wp:featuredmedia":[{"embeddable":true,"href":"https:\/\/lahora.mx\/index.php\/wp-json\/wp\/v2\/media\/47384"}],"wp:attachment":[{"href":"https:\/\/lahora.mx\/index.php\/wp-json\/wp\/v2\/media?parent=47383"}],"wp:term":[{"taxonomy":"category","embeddable":true,"href":"https:\/\/lahora.mx\/index.php\/wp-json\/wp\/v2\/categories?post=47383"},{"taxonomy":"post_tag","embeddable":true,"href":"https:\/\/lahora.mx\/index.php\/wp-json\/wp\/v2\/tags?post=47383"}],"curies":[{"name":"wp","href":"https:\/\/api.w.org\/{rel}","templated":true}]}}