{"id":47302,"date":"2024-06-09T20:02:12","date_gmt":"2024-06-09T20:02:12","guid":{"rendered":"http:\/\/lahora.mx\/?p=47302"},"modified":"2024-06-09T20:02:13","modified_gmt":"2024-06-09T20:02:13","slug":"en-puebla-se-entregaran-las-primeras-5-mil-tarjetas-a-usuarios-del-imss-bienestar","status":"publish","type":"post","link":"https:\/\/lahora.mx\/index.php\/2024\/06\/09\/en-puebla-se-entregaran-las-primeras-5-mil-tarjetas-a-usuarios-del-imss-bienestar\/","title":{"rendered":"En Puebla se entregar\u00e1n las primeras 5 mil tarjetas a usuarios del IMSS-Bienestar"},"content":{"rendered":"\n<p>Durante las siguientes semanas, en Puebla se estar\u00e1n entregando las primeras 5 mil tarjetas para usuarios del programa IMSS-Bienestar, inform\u00f3 el coordinador del Organismo P\u00fablico Descentralizado en la entidad, Ger\u00f3nimo Lara G\u00e1lvez, esto tras concluir la veda electoral.<\/p>\n\n\n\n<p>En entrevista, el funcionario estatal detall\u00f3 que en la entidad poblana se busca afiliar a 4 millones 600 mil poblanos, con lo cual ya se lleva un avance de 62 por ciento.<\/p>\n\n\n\n<p>Record\u00f3 que este programa permitir\u00e1 dar cobertura de salud a las personas sin seguridad social, sin embargo, recalc\u00f3 que la tarjeta no ser\u00e1 obligatoria para que sean atendidos en los hospitales y centros de salud.<\/p>\n\n\n\n<p>Lara G\u00e1lvez explic\u00f3 que las tarjetas s\u00f3lo son entregadas como un sentido de identidad o pertenencia y cuenten con un historial m\u00e9dico.<\/p>\n\n\n\n<p>\u201cLa atenci\u00f3n es gratuita, inmediata, no debe haber ninguna distinci\u00f3n de si lleva o no la tarjeta. Estamos credencializado a toda la poblaci\u00f3n porque estamos generando un sentido de identidad para que puedan decir, es mi tarjeta y pertenezco a esta unidad m\u00e9dica (\u2026) los tenemos en plataformas y M\u00e9xico nos manda las tarjetas, ellos las emiten en las oficinas centrales, entonces eso nos va limitando un poco, en tiempo, para entreg\u00e1rselas a todos\u201d, declar\u00f3.<\/p>\n\n\n\n<p>Coment\u00f3 que se trabajar\u00e1 en un programa para que los municipios puedan apoyar a la poblaci\u00f3n a realizar su tr\u00e1mite a los adultos mayores o personas con alguna discapacidad, quienes son a los que se les dificulta entrar a la plataforma.<\/p>\n\n\n\n<p>IMSS-Bienestar \u00bfC\u00f3mo me puedo registrar?<br>Los usuarios deber\u00e1n ingresar a la p\u00e1gina imssbirnestar.gob.mx y tener a la mano: CURP, fotograf\u00eda de rostro, identificaci\u00f3n oficial vigente y correo electr\u00f3nico.<\/p>\n\n\n\n<p>El IMSS-Bienestar es la instituci\u00f3n creada por el Estado mexicano para dar atenci\u00f3n m\u00e9dica y medicamentos de forma gratuita si no cuentas con seguridad social.<\/p>\n\n\n\n<p>Est\u00e1 presente en estos 23 estados:<\/p>\n\n\n\n<p>Baja California<br>Baja California Sur<br>Campeche<br>Chiapas<br>Ciudad de M\u00e9xico<br>Colima<br>Estado de M\u00e9xico<br>Guerrero<br>Hidalgo<br>Michoac\u00e1n<br>Morelos<br>Nayarit<br>Oaxaca<br>Puebla<br>Quintana Roo<br>San Luis Potos\u00ed<br>Sinaloa<br>Sonora<br>Tabasco<br>Tamaulipas<br>Tlaxcala<br>Veracruz<br>Zacatecas (MIG)<\/p>\n","protected":false},"excerpt":{"rendered":"<p>Durante las siguientes semanas, en Puebla se estar\u00e1n entregando las primeras 5 mil tarjetas para usuarios del programa IMSS-Bienestar, inform\u00f3 el coordinador del Organismo P\u00fablico Descentralizado en la entidad, Ger\u00f3nimo Lara G\u00e1lvez, esto tras concluir la veda electoral. En entrevista, el funcionario estatal detall\u00f3 que en la entidad poblana se busca afiliar a 4 millones [&hellip;]<\/p>\n","protected":false},"author":4,"featured_media":47303,"comment_status":"open","ping_status":"open","sticky":false,"template":"","format":"standard","meta":{"om_disable_all_campaigns":false,"_monsterinsights_skip_tracking":false,"_monsterinsights_sitenote_active":false,"_monsterinsights_sitenote_note":"","_monsterinsights_sitenote_category":0,"footnotes":""},"categories":[175],"tags":[195,223],"class_list":["post-47302","post","type-post","status-publish","format-standard","has-post-thumbnail","hentry","category-local","tag-principal","tag-puebla"],"amp_enabled":true,"_links":{"self":[{"href":"https:\/\/lahora.mx\/index.php\/wp-json\/wp\/v2\/posts\/47302","targetHints":{"allow":["GET"]}}],"collection":[{"href":"https:\/\/lahora.mx\/index.php\/wp-json\/wp\/v2\/posts"}],"about":[{"href":"https:\/\/lahora.mx\/index.php\/wp-json\/wp\/v2\/types\/post"}],"author":[{"embeddable":true,"href":"https:\/\/lahora.mx\/index.php\/wp-json\/wp\/v2\/users\/4"}],"replies":[{"embeddable":true,"href":"https:\/\/lahora.mx\/index.php\/wp-json\/wp\/v2\/comments?post=47302"}],"version-history":[{"count":1,"href":"https:\/\/lahora.mx\/index.php\/wp-json\/wp\/v2\/posts\/47302\/revisions"}],"predecessor-version":[{"id":47304,"href":"https:\/\/lahora.mx\/index.php\/wp-json\/wp\/v2\/posts\/47302\/revisions\/47304"}],"wp:featuredmedia":[{"embeddable":true,"href":"https:\/\/lahora.mx\/index.php\/wp-json\/wp\/v2\/media\/47303"}],"wp:attachment":[{"href":"https:\/\/lahora.mx\/index.php\/wp-json\/wp\/v2\/media?parent=47302"}],"wp:term":[{"taxonomy":"category","embeddable":true,"href":"https:\/\/lahora.mx\/index.php\/wp-json\/wp\/v2\/categories?post=47302"},{"taxonomy":"post_tag","embeddable":true,"href":"https:\/\/lahora.mx\/index.php\/wp-json\/wp\/v2\/tags?post=47302"}],"curies":[{"name":"wp","href":"https:\/\/api.w.org\/{rel}","templated":true}]}}