{"id":47260,"date":"2024-06-07T20:53:51","date_gmt":"2024-06-07T20:53:51","guid":{"rendered":"http:\/\/lahora.mx\/?p=47260"},"modified":"2024-06-07T20:53:51","modified_gmt":"2024-06-07T20:53:51","slug":"jose-chedraui-recibe-constancia-como-presidente-municipal-electo-de-puebla","status":"publish","type":"post","link":"https:\/\/lahora.mx\/index.php\/2024\/06\/07\/jose-chedraui-recibe-constancia-como-presidente-municipal-electo-de-puebla\/","title":{"rendered":"Jos\u00e9 Chedraui recibe constancia como presidente municipal electo de Puebla"},"content":{"rendered":"\n<p>Jos\u00e9 Chedraui Budib, abanderado de Morena, es el nuevo presidente municipal electo de Puebla, luego de recibir su constancia como ganador por parte del Consejo Municipal, tras imponerse a su rival en la elecci\u00f3n, el panista Mario Gerardo Riestra Pi\u00f1a.<\/p>\n\n\n\n<p>Durante la sesi\u00f3n del \u00f3rgano electoral este 7 de junio se le entreg\u00f3 el documento a Jos\u00e9 Chedraui, as\u00ed como a su planilla de 16 regidores y regidoras, entre las que destacan Gabriel Biestro, Iv\u00e1n Herrera y Leobardo Rodr\u00edguez, as\u00ed como la s\u00edndico, M\u00f3nica Silva Ru\u00edz.<\/p>\n\n\n\n<p>Chedraui agradeci\u00f3 a quienes confiaron en su proyecto y le dieron su voto, as\u00ed como a los que no; pidi\u00f3 paciencia para convencerlos de que fue la mejor opci\u00f3n para la administraci\u00f3n municipal de Puebla para los pr\u00f3ximos tres a\u00f1os.<br>Asegur\u00f3 que todo su equipo se volcar\u00e1 a trabajar por Puebla \u201csin distingos partidistas, ni prejuicios pol\u00edticos\u201d. Asegur\u00f3 que su administraci\u00f3n priorizar\u00e1 desde ahora los planes y proyectos iniciales para la capital.<\/p>\n\n\n\n<p>Regidores de la administraci\u00f3n de Chedraui<br>La planilla de regidores y regidoras que ganaron junto con Chedraui qued\u00f3 de la siguiente manera.<\/p>\n\n\n\n<p>Juan Pablo Caso Andrade, en la suplencia.<br>Marisela Reyes.<br>Carlos Tepox.<br>Alondra M\u00e9ndez.<br>Francisco Ayala.<br>Gabriela S\u00e1nchez.<br>Samuel Hern\u00e1ndez.<br>Mariana Sol\u00eds.<br>Ricardo Espinoza Chavero.<br>Gabriel Biestro.<br>Lourdes Villavicencio.<br>Rodrigo Dur\u00e1n.<br>Lupita Silva.<br>Iv\u00e1n Herrera.<br>Magnolia Enr\u00edquez.<br>Leobardo Rodr\u00edguez.<br>Mar\u00eda Teresa Rivera Vivanco.<br>M\u00f3nica Silva Ru\u00edz, en la sindicatura.<br>Al finalizar el evento, el presidente municipal electo mand\u00f3 un saludo al ganador por la gubernatura de Puebla, Alejandro Armenta Mier, y afirm\u00f3 que \u201ccuanto antes\u201d se reunir\u00e1 con \u00e9l para empezar a pactar proyectos.<\/p>\n","protected":false},"excerpt":{"rendered":"<p>Jos\u00e9 Chedraui Budib, abanderado de Morena, es el nuevo presidente municipal electo de Puebla, luego de recibir su constancia como ganador por parte del Consejo Municipal, tras imponerse a su rival en la elecci\u00f3n, el panista Mario Gerardo Riestra Pi\u00f1a. Durante la sesi\u00f3n del \u00f3rgano electoral este 7 de junio se le entreg\u00f3 el documento [&hellip;]<\/p>\n","protected":false},"author":4,"featured_media":47261,"comment_status":"open","ping_status":"open","sticky":false,"template":"","format":"standard","meta":{"om_disable_all_campaigns":false,"_monsterinsights_skip_tracking":false,"_monsterinsights_sitenote_active":false,"_monsterinsights_sitenote_note":"","_monsterinsights_sitenote_category":0,"footnotes":""},"categories":[175],"tags":[223],"class_list":["post-47260","post","type-post","status-publish","format-standard","has-post-thumbnail","hentry","category-local","tag-puebla"],"amp_enabled":true,"_links":{"self":[{"href":"https:\/\/lahora.mx\/index.php\/wp-json\/wp\/v2\/posts\/47260","targetHints":{"allow":["GET"]}}],"collection":[{"href":"https:\/\/lahora.mx\/index.php\/wp-json\/wp\/v2\/posts"}],"about":[{"href":"https:\/\/lahora.mx\/index.php\/wp-json\/wp\/v2\/types\/post"}],"author":[{"embeddable":true,"href":"https:\/\/lahora.mx\/index.php\/wp-json\/wp\/v2\/users\/4"}],"replies":[{"embeddable":true,"href":"https:\/\/lahora.mx\/index.php\/wp-json\/wp\/v2\/comments?post=47260"}],"version-history":[{"count":1,"href":"https:\/\/lahora.mx\/index.php\/wp-json\/wp\/v2\/posts\/47260\/revisions"}],"predecessor-version":[{"id":47262,"href":"https:\/\/lahora.mx\/index.php\/wp-json\/wp\/v2\/posts\/47260\/revisions\/47262"}],"wp:featuredmedia":[{"embeddable":true,"href":"https:\/\/lahora.mx\/index.php\/wp-json\/wp\/v2\/media\/47261"}],"wp:attachment":[{"href":"https:\/\/lahora.mx\/index.php\/wp-json\/wp\/v2\/media?parent=47260"}],"wp:term":[{"taxonomy":"category","embeddable":true,"href":"https:\/\/lahora.mx\/index.php\/wp-json\/wp\/v2\/categories?post=47260"},{"taxonomy":"post_tag","embeddable":true,"href":"https:\/\/lahora.mx\/index.php\/wp-json\/wp\/v2\/tags?post=47260"}],"curies":[{"name":"wp","href":"https:\/\/api.w.org\/{rel}","templated":true}]}}