{"id":47257,"date":"2024-06-07T18:40:59","date_gmt":"2024-06-07T18:40:59","guid":{"rendered":"http:\/\/lahora.mx\/?p=47257"},"modified":"2024-06-07T18:40:59","modified_gmt":"2024-06-07T18:40:59","slug":"declaran-incompetente-cme-de-tlacotepec-por-ausencia-de-presidente-y-secretario","status":"publish","type":"post","link":"https:\/\/lahora.mx\/index.php\/2024\/06\/07\/declaran-incompetente-cme-de-tlacotepec-por-ausencia-de-presidente-y-secretario\/","title":{"rendered":"Declaran incompetente CME de Tlacotepec por ausencia de presidente y secretario"},"content":{"rendered":"\n<p>El Consejo Municipal Electoral (CME) de Tlacotepec de Benito Ju\u00e1rez, fue declarado incompetente para realizar el c\u00f3mputo final y entrega de constancia de mayor\u00eda, al virtual ganador de la contienda para Presidente Municipal, Mart\u00edn Camargo de la Pe\u00f1a, abanderado del PAN-PRD, debido a las ausencia del titular y secretario de este \u00f3rgano.<\/p>\n\n\n\n<p>Gerardo Bernab\u00e9 Mart\u00ednez, Presidente del Consejo Municipal Electoral de Tlacotepec de Benito Ju\u00e1rez y Jes\u00fas Merino P\u00e9rez, Secretario de la misma instancia, no se presentaron a realizar el conteo de votos desde el lunes, bajo el argumento de que no hab\u00eda garant\u00edas para presentarse.<\/p>\n\n\n\n<p>Posteriormente se dijo que se realizar\u00eda la sesi\u00f3n el pasado mi\u00e9rcoles a las 10 de la ma\u00f1ana y aunque algunos consejeros llegaron tampoco se llev\u00f3 a cabo.<\/p>\n\n\n\n<p>Finalmente, fue el Consejo Distrital con cabecera en Tehuac\u00e1n, quien dictamin\u00f3 la incompetencia y solicit\u00f3 que el material electoral fuera trasladado a la sede del estado, para que all\u00e1 se realice el c\u00f3mputo final y la entrega de Constancia de Mayor\u00eda.<\/p>\n\n\n\n<p>La ventaja del ganador sobre el segundo lugar es de m\u00e1s de mil 900 votos y del tercero de 3 mil sufragios, por lo que el triunfo es irreversible.<\/p>\n","protected":false},"excerpt":{"rendered":"<p>El Consejo Municipal Electoral (CME) de Tlacotepec de Benito Ju\u00e1rez, fue declarado incompetente para realizar el c\u00f3mputo final y entrega de constancia de mayor\u00eda, al virtual ganador de la contienda para Presidente Municipal, Mart\u00edn Camargo de la Pe\u00f1a, abanderado del PAN-PRD, debido a las ausencia del titular y secretario de este \u00f3rgano. Gerardo Bernab\u00e9 Mart\u00ednez, [&hellip;]<\/p>\n","protected":false},"author":4,"featured_media":47258,"comment_status":"open","ping_status":"open","sticky":false,"template":"","format":"standard","meta":{"om_disable_all_campaigns":false,"_monsterinsights_skip_tracking":false,"_monsterinsights_sitenote_active":false,"_monsterinsights_sitenote_note":"","_monsterinsights_sitenote_category":0,"footnotes":""},"categories":[175],"tags":[223],"class_list":["post-47257","post","type-post","status-publish","format-standard","has-post-thumbnail","hentry","category-local","tag-puebla"],"amp_enabled":true,"_links":{"self":[{"href":"https:\/\/lahora.mx\/index.php\/wp-json\/wp\/v2\/posts\/47257","targetHints":{"allow":["GET"]}}],"collection":[{"href":"https:\/\/lahora.mx\/index.php\/wp-json\/wp\/v2\/posts"}],"about":[{"href":"https:\/\/lahora.mx\/index.php\/wp-json\/wp\/v2\/types\/post"}],"author":[{"embeddable":true,"href":"https:\/\/lahora.mx\/index.php\/wp-json\/wp\/v2\/users\/4"}],"replies":[{"embeddable":true,"href":"https:\/\/lahora.mx\/index.php\/wp-json\/wp\/v2\/comments?post=47257"}],"version-history":[{"count":1,"href":"https:\/\/lahora.mx\/index.php\/wp-json\/wp\/v2\/posts\/47257\/revisions"}],"predecessor-version":[{"id":47259,"href":"https:\/\/lahora.mx\/index.php\/wp-json\/wp\/v2\/posts\/47257\/revisions\/47259"}],"wp:featuredmedia":[{"embeddable":true,"href":"https:\/\/lahora.mx\/index.php\/wp-json\/wp\/v2\/media\/47258"}],"wp:attachment":[{"href":"https:\/\/lahora.mx\/index.php\/wp-json\/wp\/v2\/media?parent=47257"}],"wp:term":[{"taxonomy":"category","embeddable":true,"href":"https:\/\/lahora.mx\/index.php\/wp-json\/wp\/v2\/categories?post=47257"},{"taxonomy":"post_tag","embeddable":true,"href":"https:\/\/lahora.mx\/index.php\/wp-json\/wp\/v2\/tags?post=47257"}],"curies":[{"name":"wp","href":"https:\/\/api.w.org\/{rel}","templated":true}]}}