{"id":47251,"date":"2024-06-07T18:35:22","date_gmt":"2024-06-07T18:35:22","guid":{"rendered":"http:\/\/lahora.mx\/?p=47251"},"modified":"2024-06-07T18:35:22","modified_gmt":"2024-06-07T18:35:22","slug":"inflacion-en-mexico-al-alza-aumento-a-4-69-en-el-ultimo-mes","status":"publish","type":"post","link":"https:\/\/lahora.mx\/index.php\/2024\/06\/07\/inflacion-en-mexico-al-alza-aumento-a-4-69-en-el-ultimo-mes\/","title":{"rendered":"Inflaci\u00f3n en M\u00e9xico al alza: aument\u00f3 a 4.69% en el ultimo mes"},"content":{"rendered":"\n<p>El Instituto Nacional de Estad\u00edstica y Geograf\u00eda (INEGI) inform\u00f3 este viernes que durante mayo la inflaci\u00f3n en M\u00e9xico aument\u00f3 4.69 por ciento la tasa anual e hila tres en ascenso, aunque el \u00cdndice Nacional de Precios al Consumidor (INPC) baj\u00f3 en un 0.19 por ciento a tasa quincenal.<\/p>\n\n\n\n<p>Los datos publicados por el INEGI indican que, en el quinto mes del 2024, la inflaci\u00f3n en el pa\u00eds continu\u00f3 por encima de la meta oficial del Banco de M\u00e9xico (Banxico) que establece un nivel de 3 por ciento (-\/+ un punto porcentual).<\/p>\n\n\n\n<p>Sin embargo, durante el mismo mes en 2023, la inflaci\u00f3n mensual fue menor a 0.22 por ciento, mientras la anual fue de 5.84 por ciento.<br>En este sentido, el Inegi mencion\u00f3 que el \u00edndice de precios subyacente tuvo un alza de 0.17 por ciento a tasa mensual y 4.21 por ciento a tasa anual; en tanto, el \u00edndice de precios no subyacente tuvo una ca\u00edda de 1.28 por ciento mensual y un aumento de 6.19 por ciento anual.<\/p>\n\n\n\n<p>De acuerdo con el INEGI, al interior del \u00edndice no subyacente \u2013tasa mensual- los precios de los productos energ\u00e9ticos y tarifas autorizadas por el gobierno tuvieron una disminuci\u00f3n del 3 por ciento y los productos agropecuarios incrementaron un 0.67 por ciento.<\/p>\n\n\n\n<p>\u00abEsto se debi\u00f3, principalmente, a los ajustes en las tarifas el\u00e9ctricas por temporada c\u00e1lida en 11 ciudades del pa\u00eds\u00bb, indic\u00f3.<\/p>\n","protected":false},"excerpt":{"rendered":"<p>El Instituto Nacional de Estad\u00edstica y Geograf\u00eda (INEGI) inform\u00f3 este viernes que durante mayo la inflaci\u00f3n en M\u00e9xico aument\u00f3 4.69 por ciento la tasa anual e hila tres en ascenso, aunque el \u00cdndice Nacional de Precios al Consumidor (INPC) baj\u00f3 en un 0.19 por ciento a tasa quincenal. Los datos publicados por el INEGI indican [&hellip;]<\/p>\n","protected":false},"author":4,"featured_media":47252,"comment_status":"open","ping_status":"open","sticky":false,"template":"","format":"standard","meta":{"om_disable_all_campaigns":false,"_monsterinsights_skip_tracking":false,"_monsterinsights_sitenote_active":false,"_monsterinsights_sitenote_note":"","_monsterinsights_sitenote_category":0,"footnotes":""},"categories":[176],"tags":[195],"class_list":["post-47251","post","type-post","status-publish","format-standard","has-post-thumbnail","hentry","category-nacional","tag-principal"],"amp_enabled":true,"_links":{"self":[{"href":"https:\/\/lahora.mx\/index.php\/wp-json\/wp\/v2\/posts\/47251","targetHints":{"allow":["GET"]}}],"collection":[{"href":"https:\/\/lahora.mx\/index.php\/wp-json\/wp\/v2\/posts"}],"about":[{"href":"https:\/\/lahora.mx\/index.php\/wp-json\/wp\/v2\/types\/post"}],"author":[{"embeddable":true,"href":"https:\/\/lahora.mx\/index.php\/wp-json\/wp\/v2\/users\/4"}],"replies":[{"embeddable":true,"href":"https:\/\/lahora.mx\/index.php\/wp-json\/wp\/v2\/comments?post=47251"}],"version-history":[{"count":1,"href":"https:\/\/lahora.mx\/index.php\/wp-json\/wp\/v2\/posts\/47251\/revisions"}],"predecessor-version":[{"id":47253,"href":"https:\/\/lahora.mx\/index.php\/wp-json\/wp\/v2\/posts\/47251\/revisions\/47253"}],"wp:featuredmedia":[{"embeddable":true,"href":"https:\/\/lahora.mx\/index.php\/wp-json\/wp\/v2\/media\/47252"}],"wp:attachment":[{"href":"https:\/\/lahora.mx\/index.php\/wp-json\/wp\/v2\/media?parent=47251"}],"wp:term":[{"taxonomy":"category","embeddable":true,"href":"https:\/\/lahora.mx\/index.php\/wp-json\/wp\/v2\/categories?post=47251"},{"taxonomy":"post_tag","embeddable":true,"href":"https:\/\/lahora.mx\/index.php\/wp-json\/wp\/v2\/tags?post=47251"}],"curies":[{"name":"wp","href":"https:\/\/api.w.org\/{rel}","templated":true}]}}