{"id":47241,"date":"2024-06-06T20:59:58","date_gmt":"2024-06-06T20:59:58","guid":{"rendered":"http:\/\/lahora.mx\/?p=47241"},"modified":"2024-06-06T20:59:59","modified_gmt":"2024-06-06T20:59:59","slug":"ariadna-ayala-recibe-constancia-de-mayoria","status":"publish","type":"post","link":"https:\/\/lahora.mx\/index.php\/2024\/06\/06\/ariadna-ayala-recibe-constancia-de-mayoria\/","title":{"rendered":"Ariadna Ayala recibe constancia de mayor\u00eda"},"content":{"rendered":"\n<p>Ariadna Ayala Camarillo recibi\u00f3 en las oficinas de la junta distrital del Instituto Electoral del Estado (IEE) su constancia de mayor\u00eda que la convierte en la presidenta electa de Atlixco; la actual alcaldesa, que repite cargo, se comprometi\u00f3 a continuar con un gobierno \u201cde puertas abiertas\u201d.<\/p>\n\n\n\n<p>El total de sufragios que recibi\u00f3 la militante de Morena que compiti\u00f3 en alianza con el Partido del Trabajo (PT) y Fuerza por M\u00e9xico (FxM) fue de 32 mil 192 votos, que represent\u00f3 alrededor del 50 por ciento del total de votaciones en el municipio.<\/p>\n\n\n\n<p>Fue cerca de las 10: 30 de la noche del 5 de junio cuando se termin\u00f3 el c\u00f3mputo y el papeleo para poder entregar dicho oficio. Posterior a ello, Ayala Camarillo dirigi\u00f3 unas palabras dentro del recinto y fuera de \u00e9l a las personas que la acompa\u00f1aron.<\/p>\n\n\n\n<p>Asegur\u00f3 que su gobierno ser\u00e1 de puertas abiertas y reconoci\u00f3 a sus contrincantes ya que se\u00f1al\u00f3 el esfuerzo que realiz\u00f3 cada uno durante la campa\u00f1a vale mucho; asever\u00f3 que buscar\u00e1 integrar a su pr\u00f3ximo gobierno algunos de los proyectos propuestos por ellos.<\/p>\n\n\n\n<p>\u201cSomo el primer gobierno de izquierda, soy la primera mujer presidenta de Atlixco despu\u00e9s de 443 a\u00f1os y 63 caballeros ilustres como alcaldes, adem\u00e1s la primera administraci\u00f3n que tendr\u00e1 continuidad\u201d, indic\u00f3.<\/p>\n\n\n\n<p>El tema de la reelecci\u00f3n lo calific\u00f3 como \u201cuna gran responsabilidad\u201d, por lo que llam\u00f3 a todo su equipo para que, lo que resta del periodo y todo el que viene, laboren con humanismo, compromiso y apegados al derecho.<\/p>\n\n\n\n<p>La recibieron en la parte exterior de las oficinas con abrazos y porras sus simpatizantes, quienes gritaron con consignas como \u201cs\u00ed se pudo\u201d es un honor estar con Ari, hoy\u201d y \u201cAriadna presidenta\u201d.<\/p>\n","protected":false},"excerpt":{"rendered":"<p>Ariadna Ayala Camarillo recibi\u00f3 en las oficinas de la junta distrital del Instituto Electoral del Estado (IEE) su constancia de mayor\u00eda que la convierte en la presidenta electa de Atlixco; la actual alcaldesa, que repite cargo, se comprometi\u00f3 a continuar con un gobierno \u201cde puertas abiertas\u201d. El total de sufragios que recibi\u00f3 la militante de [&hellip;]<\/p>\n","protected":false},"author":4,"featured_media":47242,"comment_status":"open","ping_status":"open","sticky":false,"template":"","format":"standard","meta":{"om_disable_all_campaigns":false,"_monsterinsights_skip_tracking":false,"_monsterinsights_sitenote_active":false,"_monsterinsights_sitenote_note":"","_monsterinsights_sitenote_category":0,"footnotes":""},"categories":[175],"tags":[223],"class_list":["post-47241","post","type-post","status-publish","format-standard","has-post-thumbnail","hentry","category-local","tag-puebla"],"amp_enabled":true,"_links":{"self":[{"href":"https:\/\/lahora.mx\/index.php\/wp-json\/wp\/v2\/posts\/47241","targetHints":{"allow":["GET"]}}],"collection":[{"href":"https:\/\/lahora.mx\/index.php\/wp-json\/wp\/v2\/posts"}],"about":[{"href":"https:\/\/lahora.mx\/index.php\/wp-json\/wp\/v2\/types\/post"}],"author":[{"embeddable":true,"href":"https:\/\/lahora.mx\/index.php\/wp-json\/wp\/v2\/users\/4"}],"replies":[{"embeddable":true,"href":"https:\/\/lahora.mx\/index.php\/wp-json\/wp\/v2\/comments?post=47241"}],"version-history":[{"count":1,"href":"https:\/\/lahora.mx\/index.php\/wp-json\/wp\/v2\/posts\/47241\/revisions"}],"predecessor-version":[{"id":47243,"href":"https:\/\/lahora.mx\/index.php\/wp-json\/wp\/v2\/posts\/47241\/revisions\/47243"}],"wp:featuredmedia":[{"embeddable":true,"href":"https:\/\/lahora.mx\/index.php\/wp-json\/wp\/v2\/media\/47242"}],"wp:attachment":[{"href":"https:\/\/lahora.mx\/index.php\/wp-json\/wp\/v2\/media?parent=47241"}],"wp:term":[{"taxonomy":"category","embeddable":true,"href":"https:\/\/lahora.mx\/index.php\/wp-json\/wp\/v2\/categories?post=47241"},{"taxonomy":"post_tag","embeddable":true,"href":"https:\/\/lahora.mx\/index.php\/wp-json\/wp\/v2\/tags?post=47241"}],"curies":[{"name":"wp","href":"https:\/\/api.w.org\/{rel}","templated":true}]}}