{"id":47223,"date":"2024-06-06T03:38:34","date_gmt":"2024-06-06T03:38:34","guid":{"rendered":"http:\/\/lahora.mx\/?p=47223"},"modified":"2024-06-06T03:38:34","modified_gmt":"2024-06-06T03:38:34","slug":"si-el-pri-no-se-renueva-esta-destinado-a-desaparecer-menciona-rene-valdiviezo","status":"publish","type":"post","link":"https:\/\/lahora.mx\/index.php\/2024\/06\/06\/si-el-pri-no-se-renueva-esta-destinado-a-desaparecer-menciona-rene-valdiviezo\/","title":{"rendered":"Si el PRI no se renueva est\u00e1 destinado a desaparecer menciona Ren\u00e9 Valdiviezo"},"content":{"rendered":"\n<p>Si el Partido Revolucionario Institucional (PRI) no renueva su dirigencia para lograr cambios profundos y enderezar las decisiones que toma el partido estar\u00e1 en v\u00edas de desaparecer y lo mismo podr\u00eda ocurrirle a Acci\u00f3n Nacional (PAN), afirm\u00f3 Ren\u00e9 Valdiviezo Sandoval, acad\u00e9mico e investigador del departamento de Ciencias Sociales de la Universidad Iberoamericana de Puebla y exsecretario general de la Benem\u00e9rita Universidad Aut\u00f3noma de Puebla (BUAP).<\/p>\n\n\n\n<p>En entrevista en el programa Cuchara Cuchillo Tenedor, Valdiviezo Sandoval, autor de 14 libros donde analiza procesos electorales y pol\u00edticos, vaticin\u00f3 que la alianza PAN-PRI-PRD podr\u00eda romperse para las elecciones de 2027, pues los partidos se dar\u00e1n cuenta de que mantenerla no tiene sentido, esto porque en la jornada electoral del 2 de junio el tricolor qued\u00f3 en quinto lugar nacional en preferencia de los electores.<\/p>\n\n\n\n<p>\u201cEl 2027 va a ser clave para el sistema de partidos (\u2026) \u00bfqui\u00e9n del PAN en sus sentidos va a estar sosteniendo que es necesario que sigamos con el PRI o con el PRD?\u201d, argument\u00f3 el acad\u00e9mico de la Ibero Puebla.<\/p>\n\n\n\n<p>Para Ren\u00e9 Valdiviezo el PRI es \u201cel gran partido hist\u00f3rico del pa\u00eds\u201d, pero tras las recientes elecciones perdi\u00f3 su base social, pues record\u00f3 que en el ejercicio democr\u00e1tico de 2006 qued\u00f3 en tercer lugar de preferencias de los votantes.<\/p>\n\n\n\n<p>Con respecto al PAN, a diferencia del PRI a\u00fan cuenta con una base social y tiene m\u00e1s posibilidad en t\u00e9rminos de militancia.<\/p>\n\n\n\n<p>El entrevistado consider\u00f3 que en caso de que surja un nuevo partido pol\u00edtico en los pr\u00f3ximos tres a\u00f1os no tendr\u00eda la fuerza suficiente para llegar a conformarse como un grupo nacional y s\u00f3lo tendr\u00eda presencia en algunas entidades.<\/p>\n\n\n\n<p>Si el PRI no se renueva est\u00e1 destinado a desaparecer: Ren\u00e9 Valdiviezo<\/p>\n\n\n\n<p>Cambios en instituciones, bajo an\u00e1lisis<br>Otro de los temas que abord\u00f3 el acad\u00e9mico e investigador fue el Instituto Nacional Electoral (INE), que tiene una estructura funcional pero requiere cambios.<\/p>\n\n\n\n<p>En el caso de las reformas al Poder Judicial consider\u00f3 que los ministros de la Suprema Corte de Justicia no deber\u00edan elegirse por voto popular, sino que es necesario modificar los filtros.<\/p>\n\n\n\n<p>Al mismo tiempo, opin\u00f3 que se deber\u00eda modificar el procedimiento de integraci\u00f3n de organismo aut\u00f3nomos para valorar cu\u00e1les funcionan y cu\u00e1les no; sin embargo, en el caso del INE coment\u00f3 que deber\u00eda plantearse la idea de tener s\u00f3lo un \u00f3rgano nacional para que desaparezcan los institutos estatales.<\/p>\n\n\n\n<p>\u201cEsta decisi\u00f3n creo que debe tener una visi\u00f3n nacional, de decir, s\u00ed necesitamos un organismo aut\u00f3nomo en el que sus integrantes se elijan por procedimientos y que dejen satisfecho a todo el mundo\u201d.<\/p>\n","protected":false},"excerpt":{"rendered":"<p>Si el Partido Revolucionario Institucional (PRI) no renueva su dirigencia para lograr cambios profundos y enderezar las decisiones que toma el partido estar\u00e1 en v\u00edas de desaparecer y lo mismo podr\u00eda ocurrirle a Acci\u00f3n Nacional (PAN), afirm\u00f3 Ren\u00e9 Valdiviezo Sandoval, acad\u00e9mico e investigador del departamento de Ciencias Sociales de la Universidad Iberoamericana de Puebla y [&hellip;]<\/p>\n","protected":false},"author":4,"featured_media":47224,"comment_status":"open","ping_status":"open","sticky":false,"template":"","format":"standard","meta":{"om_disable_all_campaigns":false,"_monsterinsights_skip_tracking":false,"_monsterinsights_sitenote_active":false,"_monsterinsights_sitenote_note":"","_monsterinsights_sitenote_category":0,"footnotes":""},"categories":[176,5],"tags":[223],"class_list":["post-47223","post","type-post","status-publish","format-standard","has-post-thumbnail","hentry","category-nacional","category-politica","tag-puebla"],"amp_enabled":true,"_links":{"self":[{"href":"https:\/\/lahora.mx\/index.php\/wp-json\/wp\/v2\/posts\/47223","targetHints":{"allow":["GET"]}}],"collection":[{"href":"https:\/\/lahora.mx\/index.php\/wp-json\/wp\/v2\/posts"}],"about":[{"href":"https:\/\/lahora.mx\/index.php\/wp-json\/wp\/v2\/types\/post"}],"author":[{"embeddable":true,"href":"https:\/\/lahora.mx\/index.php\/wp-json\/wp\/v2\/users\/4"}],"replies":[{"embeddable":true,"href":"https:\/\/lahora.mx\/index.php\/wp-json\/wp\/v2\/comments?post=47223"}],"version-history":[{"count":1,"href":"https:\/\/lahora.mx\/index.php\/wp-json\/wp\/v2\/posts\/47223\/revisions"}],"predecessor-version":[{"id":47225,"href":"https:\/\/lahora.mx\/index.php\/wp-json\/wp\/v2\/posts\/47223\/revisions\/47225"}],"wp:featuredmedia":[{"embeddable":true,"href":"https:\/\/lahora.mx\/index.php\/wp-json\/wp\/v2\/media\/47224"}],"wp:attachment":[{"href":"https:\/\/lahora.mx\/index.php\/wp-json\/wp\/v2\/media?parent=47223"}],"wp:term":[{"taxonomy":"category","embeddable":true,"href":"https:\/\/lahora.mx\/index.php\/wp-json\/wp\/v2\/categories?post=47223"},{"taxonomy":"post_tag","embeddable":true,"href":"https:\/\/lahora.mx\/index.php\/wp-json\/wp\/v2\/tags?post=47223"}],"curies":[{"name":"wp","href":"https:\/\/api.w.org\/{rel}","templated":true}]}}