{"id":47216,"date":"2024-06-05T23:54:53","date_gmt":"2024-06-05T23:54:53","guid":{"rendered":"http:\/\/lahora.mx\/?p=47216"},"modified":"2024-06-05T23:54:53","modified_gmt":"2024-06-05T23:54:53","slug":"tlaxcala-entre-primeros-estados-dentro-del-programa-la-clinica-es-nuestra","status":"publish","type":"post","link":"https:\/\/lahora.mx\/index.php\/2024\/06\/05\/tlaxcala-entre-primeros-estados-dentro-del-programa-la-clinica-es-nuestra\/","title":{"rendered":"Tlaxcala, entre primeros estados dentro del Programa \u201cLa Cl\u00ednica es Nuestra\u201d"},"content":{"rendered":"\n<p>A trav\u00e9s de un enlace desde el Centro de Salud Urbano de Tlaxcala hacia el Palacio Nacional y en presencia del presidente de M\u00e9xico, Andr\u00e9s Manuel L\u00f3pez Obrador, la gobernadora de Tlaxcala, Lorena Cu\u00e9llar Cisneros, dio a conocer que entreg\u00f3 tarjetas del Banco del Bienestar a las tesoreras y presidentes de 179 comit\u00e9s de salud y bienestar del programa \u201cLa cl\u00ednica es nuestra\u201d.<\/p>\n\n\n\n<p>Durante la ma\u00f1anera de este 5 de junio, indic\u00f3 que, las personas que conforman los m\u00e1s de 100 comit\u00e9s participan de forma voluntaria y hay casi en la totalidad de los municipios, pues en 58 demarcaciones ya se cuenta con uno.<\/p>\n\n\n\n<p>Cu\u00e9llar Cisneros precis\u00f3 que se destinar\u00e1 una inversi\u00f3n de 88 millones 921 mil 323 pesos y ser\u00e1n aplicados por los propios ciudadanos para recuperar, rehabilitar y equipar los centros de salud de sus comunidades con la finalidad de garantizar los servicios m\u00e9dicos gratuitos y de calidad para toda la poblaci\u00f3n sin distinci\u00f3n alguna.<\/p>\n\n\n\n<p>\u201cLa cl\u00ednica es nuestra es m\u00e1s que un programa de salud, es un esquema que favorece la fraternidad y la uni\u00f3n para cuidarnos mutuamente y construir un futuro m\u00e1s feliz y saludable para todos, la salud se logra a trav\u00e9s del esfuerzo colectivo. Con este programa lograremos una transformaci\u00f3n profunda en la gesti\u00f3n de los recursos destinados a las cl\u00ednicas comunitarias donde cada peso ser\u00e1 administrado con honradez, amor y compromiso por ciudadanos y ciudadanos\u201d asegur\u00f3.<\/p>\n\n\n\n<p>La titular del Ejecutivo local afirm\u00f3 que los recursos a entregar van desde los 400 mil pesos al mill\u00f3n de pesos dependiendo el tama\u00f1o de la cl\u00ednica y cada comit\u00e9 vigilar\u00e1 que el recurso se aplique de manera honesta y transparente para que se cuente con lo necesario y as\u00ed evitar desabasto de medicamentos, insumos y equipos.<\/p>\n\n\n\n<p>Lorena Cu\u00e9llar record\u00f3 que la entidad hoy cuenta con cerca de 378 nuevos m\u00e9dicos especialistas, m\u00e1s laboratoristas, qu\u00edmicos, enfermeras, m\u00e9dicos en general y le dieron bases a cerca de mil 200 trabajadores.<\/p>\n\n\n\n<p>Agreg\u00f3 que \u201choy contamos con un hospital general que despu\u00e9s de 77 a\u00f1os no se hab\u00eda remodelado, hoy tenemos tambi\u00e9n una cl\u00ednica de hemodi\u00e1lisis que hac\u00eda una falta enorme por tantas personas que requer\u00edan la atenci\u00f3n, hoy hemos abierto tambi\u00e9n el servicio de hemodi\u00e1lisis en otros municipios donde hac\u00eda falta tambi\u00e9n para que la gente no se trasladara hasta Tlaxcala, con recursos propios construimos la cl\u00ednica de m\u00ednima invasi\u00f3n; donde hoy se han operado a 2 mil pacientes de manera gratuita de cataratas, carnosidad y otras enfermedades\u201d.<\/p>\n\n\n\n<p>Tambi\u00e9n a\u00f1adi\u00f3 que en su gobierno fue construida la cl\u00ednica de hemodinamia, pues en Tlaxcala la segunda causa de muerte eran los infartos debido a que se ten\u00edan que trasladar hasta otros estados para ser atendidos; adem\u00e1s, fue construido el Centro Regulador de Urgencias M\u00e9dicas Tlaxcala (Crumt) y se adquirieron 96 ambulancias, mediante la compra y gesti\u00f3n.<\/p>\n\n\n\n<p>Finalmente, la mandataria estatal agradeci\u00f3 al gobierno de M\u00e9xico por los apoyos recibidos a favor de los tlaxcaltecas, \u201cagradecemos infinitamente todo su respaldo se\u00f1or presidente, hoy nos encontramos dando este paso hist\u00f3rico para Tlaxcala en el que el gobierno de M\u00e9xico reafirma su compromiso para ampliar y garantizar el acceso a la salud de todas y todos\u201d.<\/p>\n\n\n\n<p>En su intervenci\u00f3n, el secretario de salud federal, Jorge Alcocer Varela, se\u00f1al\u00f3 que en seguimiento al programa puesto en marcha este martes y que constituye un pilar fundamental de los servicios de salud IMSS-Bienestar, se iniciar\u00e1 el di\u00e1logo con las y los gobernadores de Colima, Estado de M\u00e9xico, Hidalgo, Morelos, Nayarit, Puebla, Tlaxcala y el jefe de gobierno de la Ciudad de M\u00e9xico.<\/p>\n\n\n\n<p>Asimismo, el director general del Instituto Mexicano del Seguro Social (IMSS), Zo\u00e9 Robledo Aburto refiri\u00f3 que a partir de este momento se iniciar\u00e1 con la repartici\u00f3n de mil 969 millones de pesos a 3 mil 552 comit\u00e9s conformados en los ocho estados antes mencionados.<\/p>\n\n\n\n<p>Asever\u00f3 que los medios de pago entregados podr\u00e1n ser utilizados a partir de esta semana para las acciones que la propia asamblea y comit\u00e9 decida, al tiempo que anunci\u00f3 que adem\u00e1s de este monto llegar\u00e1n 5 mil 774 m\u00e9dicos generales para la cobertura del lunes a domingo, \u201calgo que nunca ha ocurrido en el primer nivel de atenci\u00f3n y que a partir de junio estar\u00e1 cubierto\u201d.<\/p>\n\n\n\n<p>Por \u00faltimo, el representante de la Comisi\u00f3n Presidencial para la implementaci\u00f3n de la federalizaci\u00f3n de los servicios de salud, Mauricio Hern\u00e1ndez \u00c1vila, asever\u00f3 que este programa consolida una acci\u00f3n m\u00e1s del presidente de la Rep\u00fablica hacia el buen funcionamiento de estos centros de salud.<\/p>\n\n\n\n<p>Concluy\u00f3 con una felicitaci\u00f3n a la gobernadora Lorena Cu\u00e9llar al ser siempre de los primeros estados en implementar acciones a favor de la salud de los tlaxcaltecas, \u201cTlaxcala siempre est\u00e1 en el en el primer lugar, todo lo que tiene que ver con el IMSS-Bienestar y la salud, siempre est\u00e1n ah\u00ed as\u00ed que muchas felicidades.<\/p>\n","protected":false},"excerpt":{"rendered":"<p>A trav\u00e9s de un enlace desde el Centro de Salud Urbano de Tlaxcala hacia el Palacio Nacional y en presencia del presidente de M\u00e9xico, Andr\u00e9s Manuel L\u00f3pez Obrador, la gobernadora de Tlaxcala, Lorena Cu\u00e9llar Cisneros, dio a conocer que entreg\u00f3 tarjetas del Banco del Bienestar a las tesoreras y presidentes de 179 comit\u00e9s de salud [&hellip;]<\/p>\n","protected":false},"author":4,"featured_media":47217,"comment_status":"open","ping_status":"open","sticky":false,"template":"","format":"standard","meta":{"om_disable_all_campaigns":false,"_monsterinsights_skip_tracking":false,"_monsterinsights_sitenote_active":false,"_monsterinsights_sitenote_note":"","_monsterinsights_sitenote_category":0,"footnotes":""},"categories":[175],"tags":[223,210],"class_list":["post-47216","post","type-post","status-publish","format-standard","has-post-thumbnail","hentry","category-local","tag-puebla","tag-tlaxcala"],"amp_enabled":true,"_links":{"self":[{"href":"https:\/\/lahora.mx\/index.php\/wp-json\/wp\/v2\/posts\/47216","targetHints":{"allow":["GET"]}}],"collection":[{"href":"https:\/\/lahora.mx\/index.php\/wp-json\/wp\/v2\/posts"}],"about":[{"href":"https:\/\/lahora.mx\/index.php\/wp-json\/wp\/v2\/types\/post"}],"author":[{"embeddable":true,"href":"https:\/\/lahora.mx\/index.php\/wp-json\/wp\/v2\/users\/4"}],"replies":[{"embeddable":true,"href":"https:\/\/lahora.mx\/index.php\/wp-json\/wp\/v2\/comments?post=47216"}],"version-history":[{"count":1,"href":"https:\/\/lahora.mx\/index.php\/wp-json\/wp\/v2\/posts\/47216\/revisions"}],"predecessor-version":[{"id":47218,"href":"https:\/\/lahora.mx\/index.php\/wp-json\/wp\/v2\/posts\/47216\/revisions\/47218"}],"wp:featuredmedia":[{"embeddable":true,"href":"https:\/\/lahora.mx\/index.php\/wp-json\/wp\/v2\/media\/47217"}],"wp:attachment":[{"href":"https:\/\/lahora.mx\/index.php\/wp-json\/wp\/v2\/media?parent=47216"}],"wp:term":[{"taxonomy":"category","embeddable":true,"href":"https:\/\/lahora.mx\/index.php\/wp-json\/wp\/v2\/categories?post=47216"},{"taxonomy":"post_tag","embeddable":true,"href":"https:\/\/lahora.mx\/index.php\/wp-json\/wp\/v2\/tags?post=47216"}],"curies":[{"name":"wp","href":"https:\/\/api.w.org\/{rel}","templated":true}]}}