{"id":47213,"date":"2024-06-05T23:52:49","date_gmt":"2024-06-05T23:52:49","guid":{"rendered":"http:\/\/lahora.mx\/?p=47213"},"modified":"2024-06-05T23:52:49","modified_gmt":"2024-06-05T23:52:49","slug":"sheinbaum-apoya-el-conteo-voto-por-voto","status":"publish","type":"post","link":"https:\/\/lahora.mx\/index.php\/2024\/06\/05\/sheinbaum-apoya-el-conteo-voto-por-voto\/","title":{"rendered":"Sheinbaum apoya el conteo voto por voto"},"content":{"rendered":"\n<p>Claudia Sheinbaum, virtual presidenta de M\u00e9xico, dijo este mi\u00e9rcoles que est\u00e1 de acuerdo con el conteo de votos que se realiza en el c\u00f3mputo distrital, que ha iniciado este mismo d\u00eda, y apunt\u00f3 que est\u00e1 segura de su triunfo en las urnas tras las elecciones del 2 de junio.<\/p>\n\n\n\n<p>\u201cEste c\u00f3mputo distrital termina a m\u00e1s tardar el pr\u00f3ximo domingo. Ese d\u00eda el INE va a dar los resultados oficiales del c\u00f3mputo distrital para la Presidencia de la Rep\u00fablica (\u2026) Ahora, estamos seguros del resultado y de que hubo, como todos lo vieron, una elecci\u00f3n libre, pac\u00edfica y democr\u00e1tica (\u2026) Estamos de acuerdo en que se abran todos los paquetes electorales que se tengan que abrir\u201d, apunt\u00f3 Sheinbaum Pardo en un mensaje publicado en sus redes sociales.<\/p>\n\n\n\n<p>Record\u00f3 que la revisi\u00f3n del voto por voto fue algo que pidieron los movimientos de izquierda en las elecciones de 2006 y, por eso, est\u00e1 de acuerdo en que sea algo que se revise en estos comicios.<\/p>\n\n\n\n<p>\u201cQue se abran todos los paquetes, porque estamos seguros del resultado que obtuvimos\u201d, destac\u00f3.<\/p>\n","protected":false},"excerpt":{"rendered":"<p>Claudia Sheinbaum, virtual presidenta de M\u00e9xico, dijo este mi\u00e9rcoles que est\u00e1 de acuerdo con el conteo de votos que se realiza en el c\u00f3mputo distrital, que ha iniciado este mismo d\u00eda, y apunt\u00f3 que est\u00e1 segura de su triunfo en las urnas tras las elecciones del 2 de junio. \u201cEste c\u00f3mputo distrital termina a m\u00e1s [&hellip;]<\/p>\n","protected":false},"author":4,"featured_media":47214,"comment_status":"open","ping_status":"open","sticky":false,"template":"","format":"standard","meta":{"om_disable_all_campaigns":false,"_monsterinsights_skip_tracking":false,"_monsterinsights_sitenote_active":false,"_monsterinsights_sitenote_note":"","_monsterinsights_sitenote_category":0,"footnotes":""},"categories":[176],"tags":[],"class_list":["post-47213","post","type-post","status-publish","format-standard","has-post-thumbnail","hentry","category-nacional"],"amp_enabled":true,"_links":{"self":[{"href":"https:\/\/lahora.mx\/index.php\/wp-json\/wp\/v2\/posts\/47213","targetHints":{"allow":["GET"]}}],"collection":[{"href":"https:\/\/lahora.mx\/index.php\/wp-json\/wp\/v2\/posts"}],"about":[{"href":"https:\/\/lahora.mx\/index.php\/wp-json\/wp\/v2\/types\/post"}],"author":[{"embeddable":true,"href":"https:\/\/lahora.mx\/index.php\/wp-json\/wp\/v2\/users\/4"}],"replies":[{"embeddable":true,"href":"https:\/\/lahora.mx\/index.php\/wp-json\/wp\/v2\/comments?post=47213"}],"version-history":[{"count":1,"href":"https:\/\/lahora.mx\/index.php\/wp-json\/wp\/v2\/posts\/47213\/revisions"}],"predecessor-version":[{"id":47215,"href":"https:\/\/lahora.mx\/index.php\/wp-json\/wp\/v2\/posts\/47213\/revisions\/47215"}],"wp:featuredmedia":[{"embeddable":true,"href":"https:\/\/lahora.mx\/index.php\/wp-json\/wp\/v2\/media\/47214"}],"wp:attachment":[{"href":"https:\/\/lahora.mx\/index.php\/wp-json\/wp\/v2\/media?parent=47213"}],"wp:term":[{"taxonomy":"category","embeddable":true,"href":"https:\/\/lahora.mx\/index.php\/wp-json\/wp\/v2\/categories?post=47213"},{"taxonomy":"post_tag","embeddable":true,"href":"https:\/\/lahora.mx\/index.php\/wp-json\/wp\/v2\/tags?post=47213"}],"curies":[{"name":"wp","href":"https:\/\/api.w.org\/{rel}","templated":true}]}}