{"id":47207,"date":"2024-06-05T23:45:16","date_gmt":"2024-06-05T23:45:16","guid":{"rendered":"http:\/\/lahora.mx\/?p=47207"},"modified":"2024-06-05T23:45:16","modified_gmt":"2024-06-05T23:45:16","slug":"primera-muerte-por-gripe-aviar-h5n2-en-mexico","status":"publish","type":"post","link":"https:\/\/lahora.mx\/index.php\/2024\/06\/05\/primera-muerte-por-gripe-aviar-h5n2-en-mexico\/","title":{"rendered":"Primera muerte por gripe aviar H5N2 en M\u00e9xico"},"content":{"rendered":"\n<p>Una persona en M\u00e9xico muri\u00f3 despu\u00e9s de contraer una cepa de gripe aviar que no se hab\u00eda visto antes en humanos, dijo este mi\u00e9rcoles la Organizaci\u00f3n Mundial de la Salud.<\/p>\n\n\n\n<p>El virus fue detectado en una persona de 59 a\u00f1os que hab\u00eda sido hospitalizada en la Ciudad de M\u00e9xico. La persona muri\u00f3 una semana despu\u00e9s de presentar fiebre, dificultad para respirar y diarrea.<\/p>\n\n\n\n<p>Es el primer caso confirmado por laboratorio de una persona que contrae una forma de gripe aviar conocida como H5N2, dijo la OMS en un comunicado, planteando dudas sobre una cepa que en gran medida ha pasado desapercibida. El actual brote de gripe aviar en vacas lecheras estadounidenses est\u00e1 siendo provocado por una cepa diferente: la H5N1.<\/p>\n\n\n\n<p>El paciente, que viv\u00eda en el centro de M\u00e9xico, no ten\u00eda antecedentes de exposici\u00f3n a aves de corral u otros animales y ten\u00eda afecciones m\u00e9dicas subyacentes. El gobierno mexicano no sabe d\u00f3nde estuvo expuesto el paciente al virus, aunque se ha informado de la cepa de influenza aviar en aves de corral en el estado mexicano donde viv\u00eda la persona.<br>La gran apuesta de atlas renewable energy por el desarrollo de las energ\u00edas renovables en colombia<br>\u00bfEs riesgosa la nueva cepa de la gripe aviar en humanos?<br>No se han identificado otros casos de H5N2 en humanos, seg\u00fan la OMS, que dijo que el riesgo actual que representa el virus para el p\u00fablico en general es bajo.<\/p>\n\n\n\n<p>Los Centros para el Control y la Prevenci\u00f3n de Enfermedades de EE. UU. no respondieron de inmediato a las solicitudes de comentarios.<br>El paciente que muri\u00f3 hab\u00eda estado postrado en cama durante tres semanas \u201cpor otras razones\u201d antes de la aparici\u00f3n de los s\u00edntomas agudos, dijo la OMS, citando a familiares del paciente.<\/p>\n\n\n\n<p>Las autoridades mexicanas informaron el caso humano fatal a la OMS el 23 de mayo luego de confirmar la presencia del virus.<\/p>\n","protected":false},"excerpt":{"rendered":"<p>Una persona en M\u00e9xico muri\u00f3 despu\u00e9s de contraer una cepa de gripe aviar que no se hab\u00eda visto antes en humanos, dijo este mi\u00e9rcoles la Organizaci\u00f3n Mundial de la Salud. El virus fue detectado en una persona de 59 a\u00f1os que hab\u00eda sido hospitalizada en la Ciudad de M\u00e9xico. La persona muri\u00f3 una semana despu\u00e9s [&hellip;]<\/p>\n","protected":false},"author":4,"featured_media":47208,"comment_status":"open","ping_status":"open","sticky":false,"template":"","format":"standard","meta":{"om_disable_all_campaigns":false,"_monsterinsights_skip_tracking":false,"_monsterinsights_sitenote_active":false,"_monsterinsights_sitenote_note":"","_monsterinsights_sitenote_category":0,"footnotes":""},"categories":[175,176],"tags":[223],"class_list":["post-47207","post","type-post","status-publish","format-standard","has-post-thumbnail","hentry","category-local","category-nacional","tag-puebla"],"amp_enabled":true,"_links":{"self":[{"href":"https:\/\/lahora.mx\/index.php\/wp-json\/wp\/v2\/posts\/47207","targetHints":{"allow":["GET"]}}],"collection":[{"href":"https:\/\/lahora.mx\/index.php\/wp-json\/wp\/v2\/posts"}],"about":[{"href":"https:\/\/lahora.mx\/index.php\/wp-json\/wp\/v2\/types\/post"}],"author":[{"embeddable":true,"href":"https:\/\/lahora.mx\/index.php\/wp-json\/wp\/v2\/users\/4"}],"replies":[{"embeddable":true,"href":"https:\/\/lahora.mx\/index.php\/wp-json\/wp\/v2\/comments?post=47207"}],"version-history":[{"count":1,"href":"https:\/\/lahora.mx\/index.php\/wp-json\/wp\/v2\/posts\/47207\/revisions"}],"predecessor-version":[{"id":47209,"href":"https:\/\/lahora.mx\/index.php\/wp-json\/wp\/v2\/posts\/47207\/revisions\/47209"}],"wp:featuredmedia":[{"embeddable":true,"href":"https:\/\/lahora.mx\/index.php\/wp-json\/wp\/v2\/media\/47208"}],"wp:attachment":[{"href":"https:\/\/lahora.mx\/index.php\/wp-json\/wp\/v2\/media?parent=47207"}],"wp:term":[{"taxonomy":"category","embeddable":true,"href":"https:\/\/lahora.mx\/index.php\/wp-json\/wp\/v2\/categories?post=47207"},{"taxonomy":"post_tag","embeddable":true,"href":"https:\/\/lahora.mx\/index.php\/wp-json\/wp\/v2\/tags?post=47207"}],"curies":[{"name":"wp","href":"https:\/\/api.w.org\/{rel}","templated":true}]}}