{"id":47201,"date":"2024-06-05T23:38:43","date_gmt":"2024-06-05T23:38:43","guid":{"rendered":"http:\/\/lahora.mx\/?p=47201"},"modified":"2024-06-05T23:38:43","modified_gmt":"2024-06-05T23:38:43","slug":"enrique-pena-nieto-felicita-a-claudia-sheinbaum-por-su-triunfo-en-elecciones-presidenciales","status":"publish","type":"post","link":"https:\/\/lahora.mx\/index.php\/2024\/06\/05\/enrique-pena-nieto-felicita-a-claudia-sheinbaum-por-su-triunfo-en-elecciones-presidenciales\/","title":{"rendered":"Enrique Pe\u00f1a Nieto felicita a Claudia Sheinbaum por su triunfo en elecciones presidenciales"},"content":{"rendered":"\n<p>La virtual presidenta electa de M\u00e9xico, Claudia Sheinbaum, inform\u00f3 que el expresidente Enrique Pe\u00f1a Nieto la llam\u00f3 para felicitarla. \u00abLo cual agradezco mucho\u00bb, dijo.<\/p>\n\n\n\n<p>Cabe mencionar que, Enrique Pe\u00f1a Nieto fue el antecesor del actual presidente Andr\u00e9s Manuel L\u00f3pez Obrador quien en diversas ocasiones le agradeci\u00f3 por no meterse en la elecci\u00f3n presidencial del 2018.<\/p>\n\n\n\n<p>Sheinbaum ha compartido las felicitaciones que ha recibido, por ser la primera mujer en gobernar M\u00e9xico, de algunos otros mandatarios, como Su Majestad Rey Salm\u00e1n bin Abdulaziz Al Saud, de Arabia Saudita; Alexander De Croo primer ministro de la Uni\u00f3n Europea; Volodymyr Zelenskyy, presidente de Ucrania; Fumio Kishida, primer ministro de Jap\u00f3n.<\/p>\n\n\n\n<p>Mientras que de lado de Am\u00e9rica Latina fueron los primeros en extender sus felicitaciones Jos\u00e9 Ra\u00fal Mulino, presidente electo de Panam\u00e1; Luis Abinader, presidente de la Rep\u00fablica Dominicana; Nicol\u00e1s Maduro, presidente de Venezuela; Lula presidente de Brasil.<\/p>\n","protected":false},"excerpt":{"rendered":"<p>La virtual presidenta electa de M\u00e9xico, Claudia Sheinbaum, inform\u00f3 que el expresidente Enrique Pe\u00f1a Nieto la llam\u00f3 para felicitarla. \u00abLo cual agradezco mucho\u00bb, dijo. Cabe mencionar que, Enrique Pe\u00f1a Nieto fue el antecesor del actual presidente Andr\u00e9s Manuel L\u00f3pez Obrador quien en diversas ocasiones le agradeci\u00f3 por no meterse en la elecci\u00f3n presidencial del 2018. [&hellip;]<\/p>\n","protected":false},"author":4,"featured_media":47202,"comment_status":"open","ping_status":"open","sticky":false,"template":"","format":"standard","meta":{"om_disable_all_campaigns":false,"_monsterinsights_skip_tracking":false,"_monsterinsights_sitenote_active":false,"_monsterinsights_sitenote_note":"","_monsterinsights_sitenote_category":0,"footnotes":""},"categories":[176],"tags":[],"class_list":["post-47201","post","type-post","status-publish","format-standard","has-post-thumbnail","hentry","category-nacional"],"amp_enabled":true,"_links":{"self":[{"href":"https:\/\/lahora.mx\/index.php\/wp-json\/wp\/v2\/posts\/47201","targetHints":{"allow":["GET"]}}],"collection":[{"href":"https:\/\/lahora.mx\/index.php\/wp-json\/wp\/v2\/posts"}],"about":[{"href":"https:\/\/lahora.mx\/index.php\/wp-json\/wp\/v2\/types\/post"}],"author":[{"embeddable":true,"href":"https:\/\/lahora.mx\/index.php\/wp-json\/wp\/v2\/users\/4"}],"replies":[{"embeddable":true,"href":"https:\/\/lahora.mx\/index.php\/wp-json\/wp\/v2\/comments?post=47201"}],"version-history":[{"count":1,"href":"https:\/\/lahora.mx\/index.php\/wp-json\/wp\/v2\/posts\/47201\/revisions"}],"predecessor-version":[{"id":47203,"href":"https:\/\/lahora.mx\/index.php\/wp-json\/wp\/v2\/posts\/47201\/revisions\/47203"}],"wp:featuredmedia":[{"embeddable":true,"href":"https:\/\/lahora.mx\/index.php\/wp-json\/wp\/v2\/media\/47202"}],"wp:attachment":[{"href":"https:\/\/lahora.mx\/index.php\/wp-json\/wp\/v2\/media?parent=47201"}],"wp:term":[{"taxonomy":"category","embeddable":true,"href":"https:\/\/lahora.mx\/index.php\/wp-json\/wp\/v2\/categories?post=47201"},{"taxonomy":"post_tag","embeddable":true,"href":"https:\/\/lahora.mx\/index.php\/wp-json\/wp\/v2\/tags?post=47201"}],"curies":[{"name":"wp","href":"https:\/\/api.w.org\/{rel}","templated":true}]}}