{"id":47197,"date":"2024-06-05T23:36:14","date_gmt":"2024-06-05T23:36:14","guid":{"rendered":"http:\/\/lahora.mx\/?p=47197"},"modified":"2024-06-05T23:36:15","modified_gmt":"2024-06-05T23:36:15","slug":"estamos-seguros-de-los-resultados-menciona-claudia-sheinbaum","status":"publish","type":"post","link":"https:\/\/lahora.mx\/index.php\/2024\/06\/05\/estamos-seguros-de-los-resultados-menciona-claudia-sheinbaum\/","title":{"rendered":"\u00abEstamos seguros de los resultados\u00bb menciona Claudia Sheinbaum"},"content":{"rendered":"\n<p>La virtual presidenta electa de M\u00e9xico, Claudia Sheinbaum, asegur\u00f3 que est\u00e1 de acuerdo en el escrutinio de los paquetes electorales como lo solicit\u00f3 la oposici\u00f3n. \u00abEstamos seguros de los resultados, hubo una elecci\u00f3n libre, pac\u00edfica y democr\u00e1tica as\u00ed los certificaron los observadores electorales y la OEA\u00bb, dijo.<\/p>\n\n\n\n<p>Por medio de un video en su cuenta de X, explic\u00f3 que ellos en la elecci\u00f3n en las que perdi\u00f3 el ahora presidente Andr\u00e9s Manuel L\u00f3pez Obrador contra Felipe Calder\u00f3n del PAN.<\/p>\n\n\n\n<p>Asimismo, asegur\u00f3 que a m\u00e1s tardar el domingo el INE entregar\u00e1 los resultados oficiales de los c\u00f3mputos distritales.<\/p>\n\n\n\n<p>Por lo que ya est\u00e1 trabajando en la formaci\u00f3n de su gabinete con personas \u00abhonestas, trabajadoras, conocedoras y con convicci\u00f3n en el proyecto\u00bb, afirm\u00f3.<\/p>\n\n\n\n<p>Reiter\u00f3 su agradecimiento a los mandatarios que la felicitaron, finalmente la virtual presidenta electa de M\u00e9xico, Claudia Sheinbaum, anunci\u00f3 que cuando se oficialice su victoria se reunir\u00e1 con L\u00f3pez Obrador.<\/p>\n","protected":false},"excerpt":{"rendered":"<p>La virtual presidenta electa de M\u00e9xico, Claudia Sheinbaum, asegur\u00f3 que est\u00e1 de acuerdo en el escrutinio de los paquetes electorales como lo solicit\u00f3 la oposici\u00f3n. \u00abEstamos seguros de los resultados, hubo una elecci\u00f3n libre, pac\u00edfica y democr\u00e1tica as\u00ed los certificaron los observadores electorales y la OEA\u00bb, dijo. Por medio de un video en su cuenta [&hellip;]<\/p>\n","protected":false},"author":4,"featured_media":47198,"comment_status":"open","ping_status":"open","sticky":false,"template":"","format":"standard","meta":{"om_disable_all_campaigns":false,"_monsterinsights_skip_tracking":false,"_monsterinsights_sitenote_active":false,"_monsterinsights_sitenote_note":"","_monsterinsights_sitenote_category":0,"footnotes":""},"categories":[176],"tags":[195,223],"class_list":["post-47197","post","type-post","status-publish","format-standard","has-post-thumbnail","hentry","category-nacional","tag-principal","tag-puebla"],"amp_enabled":true,"_links":{"self":[{"href":"https:\/\/lahora.mx\/index.php\/wp-json\/wp\/v2\/posts\/47197","targetHints":{"allow":["GET"]}}],"collection":[{"href":"https:\/\/lahora.mx\/index.php\/wp-json\/wp\/v2\/posts"}],"about":[{"href":"https:\/\/lahora.mx\/index.php\/wp-json\/wp\/v2\/types\/post"}],"author":[{"embeddable":true,"href":"https:\/\/lahora.mx\/index.php\/wp-json\/wp\/v2\/users\/4"}],"replies":[{"embeddable":true,"href":"https:\/\/lahora.mx\/index.php\/wp-json\/wp\/v2\/comments?post=47197"}],"version-history":[{"count":1,"href":"https:\/\/lahora.mx\/index.php\/wp-json\/wp\/v2\/posts\/47197\/revisions"}],"predecessor-version":[{"id":47199,"href":"https:\/\/lahora.mx\/index.php\/wp-json\/wp\/v2\/posts\/47197\/revisions\/47199"}],"wp:featuredmedia":[{"embeddable":true,"href":"https:\/\/lahora.mx\/index.php\/wp-json\/wp\/v2\/media\/47198"}],"wp:attachment":[{"href":"https:\/\/lahora.mx\/index.php\/wp-json\/wp\/v2\/media?parent=47197"}],"wp:term":[{"taxonomy":"category","embeddable":true,"href":"https:\/\/lahora.mx\/index.php\/wp-json\/wp\/v2\/categories?post=47197"},{"taxonomy":"post_tag","embeddable":true,"href":"https:\/\/lahora.mx\/index.php\/wp-json\/wp\/v2\/tags?post=47197"}],"curies":[{"name":"wp","href":"https:\/\/api.w.org\/{rel}","templated":true}]}}