{"id":47173,"date":"2024-06-05T15:15:59","date_gmt":"2024-06-05T15:15:59","guid":{"rendered":"http:\/\/lahora.mx\/?p=47173"},"modified":"2024-06-05T15:16:00","modified_gmt":"2024-06-05T15:16:00","slug":"xochitl-marko-y-alito-exigen-recuento-de-voto-por-voto-en-80-de-las-casillas","status":"publish","type":"post","link":"https:\/\/lahora.mx\/index.php\/2024\/06\/05\/xochitl-marko-y-alito-exigen-recuento-de-voto-por-voto-en-80-de-las-casillas\/","title":{"rendered":"X\u00f3chitl, Marko y Alito exigen recuento de voto por voto en 80% de las casillas"},"content":{"rendered":"\n<p>X\u00f3chitl G\u00e1lvez, excandidata presidencial de la coalici\u00f3n Fuerza y Coraz\u00f3n por M\u00e9xico, envi\u00f3 un mensaje para indicar que solicitar\u00e1 el voto por voto en el 80% de las casillas, debido a diferencias en los resultados.<\/p>\n\n\n\n<p>Explic\u00f3 que este 5 de junio inician los conteos distritales, por lo que es el momento en el que se revisan todas las actas de los centros de votaci\u00f3n del pa\u00eds.<\/p>\n\n\n\n<p>A trav\u00e9s de un mensaje de X, la excandidata presidencial de la coalici\u00f3n Fuerza y Coraz\u00f3n por M\u00e9xico se\u00f1al\u00f3 que en algunas casillas se encontraron diferencias entre lo que dice el acta o la s\u00e1bana de resultados de cada casillas con los datos obtenidos en el Programa de Resultados Electorales Preliminares (PREP).<\/p>\n\n\n\n<p>Pidi\u00f3 a la ciudadan\u00eda tomar una foto de los resultados mostrados en las casillas y que los comparara con los datos del PREP y, en caso de no cuadrar los n\u00fameros, enviarle un mensaje a sus redes sociales con la evidencia.<\/p>\n\n\n\n<p>Indic\u00f3 que por lo pronto son 80% de las casillas donde solicitar\u00e1n revisi\u00f3n de voto por voto y que el Instituto Nacional Electoral (INE) ya acept\u00f3 el recuento en por lo menos el 60% de las casillas.<\/p>\n\n\n\n<p>Anunci\u00f3 que instruy\u00f3 al equipo jur\u00eddico de la campa\u00f1a para que inicien los procesos legales correspondientes \u201cpor la clar\u00edsima intervenci\u00f3n del Presidente en el proceso electoral\u201d.<\/p>\n\n\n\n<p>\u201cPor el evidente uso de recursos p\u00fablicos en la campa\u00f1a de Morena y por el alto nivel de violencia y la intervenci\u00f3n del crimen organizado\u201d, dijo.<\/p>\n\n\n\n<p>X\u00f3chitl G\u00e1lvez destac\u00f3 que las acciones legales y electorales tienen como objetivo que se clarifique el voto de todos los mexicanos y que se evidencie todo lo que ocurri\u00f3 en las elecciones.<\/p>\n\n\n\n<p>Dijo que acompa\u00f1ar\u00e1 a los candidatos que resultaron triunfadores \u201cen la defensa de su victoria para que nadie se las quite\u201d.<\/p>\n\n\n\n<p>Exige PAN voto por voto, 17 mil casillas no reportan su votaci\u00f3n<br>El presidente nacional del PAN, Marko Cort\u00e9s, exigi\u00f3 la revisi\u00f3n voto por voto de la elecci\u00f3n al se\u00f1alar que hay evidencias que demuestran que el PREP pudo ser manipulado en la captura de las actas.<\/p>\n\n\n\n<p>\u201cHemos detectado hasta este momento 17 mil 065 casillas que no reportan la votaci\u00f3n obtenida para el PAN, adem\u00e1s, hasta este momento tambi\u00e9n, hay 1,888 casillas en las zonas presuntamente controladas por el crimen organizado que tampoco reportan ning\u00fan voto para el PAN\u201d, dijo.<\/p>\n\n\n\n<p>Al anunciar en un mensaje que impugnar\u00e1n esta elecci\u00f3n del Estado y expuso que otras actas que reportan el voto del 100% del listado nominal, cosa que es simplemente imposible, o peor a\u00fan, con m\u00e1s votos de los legalmente posibles seg\u00fan el listado nominal que les corresponde.<\/p>\n\n\n\n<p>\u201cPor lo que informo, en las pr\u00f3ximas horas publicaremos en la p\u00e1gina oficial del partido las 160 mil 531 actas con las que contamos, que representan el 94% de la totalidad, para que juntos, de manera completamente transparente, hagamos una auditor\u00eda social acta por acta\u201d, mencion\u00f3.<\/p>\n\n\n\n<p>Ello para detectar cualquier inconsistencia y como corresponde solicitar que se aperture el paquete electoral contando voto por voto.<\/p>\n\n\n\n<p>\u201cEn Acci\u00f3n Nacional refrendamos nuestro compromiso por la democracia y la defensa de M\u00e9xico, tengan la certeza que en los 300 c\u00f3mputos distritales que comienzan ma\u00f1ana mi\u00e9rcoles defenderemos cada voto obtenido para X\u00f3chitl G\u00e1lvez y para todas y todos nuestros candidatos\u201d, mencion\u00f3.<\/p>\n\n\n\n<p>Con absoluta responsabilidad con M\u00e9xico y m\u00e1s all\u00e1 de la revisi\u00f3n de actas y los c\u00f3mputos que se realizar\u00e1n, les informamos que hemos decidido impugnar esta elecci\u00f3n de Estado, porque no fue limpia, no fue leg\u00edtima, y nunca hubo una cancha pareja.<br>El consejero del INE, Mart\u00edn Faz, inform\u00f3 que se estima que se recuenten al menos 60% de los paquetes electorales para la elecci\u00f3n presidencial, que dio la victoria a Claudia Sheinbaum, por posibles inconsistencias como errores en la captura de datos. Esto representa, al menos 102 mil 388 actas.<\/p>\n\n\n\n<p>En la elecci\u00f3n de 2018, el recuento fue de un 75% de los paquetes, sin que esto haya modificado el resultado de ninguna de las candidaturas, donde Andr\u00e9s Manuel L\u00f3pez Obrador gan\u00f3 con una amplia ventaja.<\/p>\n\n\n\n<p>En tanto, subray\u00f3 que la narrativa de fraude electoral se trata m\u00e1s de una estrategia de partidos pol\u00edticos.<\/p>\n\n\n\n<p>A trav\u00e9s de sus redes sociales, el INE aclar\u00f3 que el recuento estimado del 60% de las actas para la elecci\u00f3n presidencial obedece a las causales de recuento establecidas en el art\u00edculo 311 de la Ley General de Instituciones y Procedimientos Electorales y no entre las actas y lo publicado en el PREP, como lo indic\u00f3 X\u00f3chitl G\u00e1lvez.<\/p>\n\n\n\n<p>Alito Moreno exigen \u00ab\u00a1voto por voto, casilla por casilla!\u00bb<br>El dirigente de Morena, Alejandro \u00abAlito\u00bb Moreno empu\u00f1\u00f3 la reconocida frase del presidente Andr\u00e9s Manuel L\u00f3pez Obrador cuando exigi\u00f3 \u00ab\u00a1voto por voto, casilla por casilla!\u00bb.<\/p>\n\n\n\n<p>En su cuenta de X comparti\u00f3 un video para pedirle a sus simpatizantes \u00abdefender la patria\u00bb.<\/p>\n\n\n\n<p>Esto, porque asegura que asegur\u00f3 que hubo diversas irregularidades, por lo que en caso de que el 60% de paquetes electorales permitidos por el INE sean insuficientes se pedir\u00e1 abrir el 100% de todas las boletas para su revisi\u00f3n.<\/p>\n","protected":false},"excerpt":{"rendered":"<p>X\u00f3chitl G\u00e1lvez, excandidata presidencial de la coalici\u00f3n Fuerza y Coraz\u00f3n por M\u00e9xico, envi\u00f3 un mensaje para indicar que solicitar\u00e1 el voto por voto en el 80% de las casillas, debido a diferencias en los resultados. Explic\u00f3 que este 5 de junio inician los conteos distritales, por lo que es el momento en el que se [&hellip;]<\/p>\n","protected":false},"author":4,"featured_media":47177,"comment_status":"open","ping_status":"open","sticky":false,"template":"","format":"standard","meta":{"om_disable_all_campaigns":false,"_monsterinsights_skip_tracking":false,"_monsterinsights_sitenote_active":false,"_monsterinsights_sitenote_note":"","_monsterinsights_sitenote_category":0,"footnotes":""},"categories":[176],"tags":[223],"class_list":["post-47173","post","type-post","status-publish","format-standard","has-post-thumbnail","hentry","category-nacional","tag-puebla"],"amp_enabled":true,"_links":{"self":[{"href":"https:\/\/lahora.mx\/index.php\/wp-json\/wp\/v2\/posts\/47173","targetHints":{"allow":["GET"]}}],"collection":[{"href":"https:\/\/lahora.mx\/index.php\/wp-json\/wp\/v2\/posts"}],"about":[{"href":"https:\/\/lahora.mx\/index.php\/wp-json\/wp\/v2\/types\/post"}],"author":[{"embeddable":true,"href":"https:\/\/lahora.mx\/index.php\/wp-json\/wp\/v2\/users\/4"}],"replies":[{"embeddable":true,"href":"https:\/\/lahora.mx\/index.php\/wp-json\/wp\/v2\/comments?post=47173"}],"version-history":[{"count":1,"href":"https:\/\/lahora.mx\/index.php\/wp-json\/wp\/v2\/posts\/47173\/revisions"}],"predecessor-version":[{"id":47178,"href":"https:\/\/lahora.mx\/index.php\/wp-json\/wp\/v2\/posts\/47173\/revisions\/47178"}],"wp:featuredmedia":[{"embeddable":true,"href":"https:\/\/lahora.mx\/index.php\/wp-json\/wp\/v2\/media\/47177"}],"wp:attachment":[{"href":"https:\/\/lahora.mx\/index.php\/wp-json\/wp\/v2\/media?parent=47173"}],"wp:term":[{"taxonomy":"category","embeddable":true,"href":"https:\/\/lahora.mx\/index.php\/wp-json\/wp\/v2\/categories?post=47173"},{"taxonomy":"post_tag","embeddable":true,"href":"https:\/\/lahora.mx\/index.php\/wp-json\/wp\/v2\/tags?post=47173"}],"curies":[{"name":"wp","href":"https:\/\/api.w.org\/{rel}","templated":true}]}}