{"id":47098,"date":"2024-05-20T17:26:35","date_gmt":"2024-05-20T17:26:35","guid":{"rendered":"http:\/\/lahora.mx\/?p=47098"},"modified":"2024-06-04T17:32:16","modified_gmt":"2024-06-04T17:32:16","slug":"participa-congreso-del-estado-en-jornadas-aprendamos-por-la-paz-a-realizarse-en-los-33-centros-escolares","status":"publish","type":"post","link":"https:\/\/lahora.mx\/index.php\/2024\/05\/20\/participa-congreso-del-estado-en-jornadas-aprendamos-por-la-paz-a-realizarse-en-los-33-centros-escolares\/","title":{"rendered":"Participa Congreso del Estado en jornadas Aprendamos por la paz, a realizarse en los 33 Centros Escolares"},"content":{"rendered":"\n<p>El Congreso del Estado particip\u00f3 en el inicio de las jornadas \u00abAprendamos por la paz\u00bb, en el Centro Escolar Presidente Guadalupe Victoria de Chignahuapan, con el objetivo de fomentar la cultura de la no violencia entre las y los j\u00f3venes que cursan secundaria y bachillerato.<\/p>\n\n\n\n<p>La estrategia se aplicar\u00e1 en los 33 Centros Escolares de la entidad con la participaci\u00f3n de la Secretar\u00eda de Igualdad Sustantiva, Secretar\u00eda de Educaci\u00f3n a trav\u00e9s de la Direcci\u00f3n de Centros Escolares, Secretar\u00eda de Seguridad P\u00fablica, Polic\u00eda Cibern\u00e9tica, Secretar\u00eda de Cultura, del Congreso del Estado y el Colectivo 50+1, que impartir\u00e1n una serie de pl\u00e1ticas y talleres para las y los estudiantes.<\/p>\n\n\n\n<p>Las y los funcionarios participantes en las jornadas destacaron que con este programa se pretende formar entre los adolescentes y j\u00f3venes a agentes que cambio que lleven lo aprendido a sus hogares, con sus amigos y, en general, en la interacci\u00f3n propia de sus comunidades.<\/p>\n\n\n\n<p>El acto inaugural y las primeras charlas se impartieron en el Centro Escolar \u00abPresidente Guadalupe Victoria\u00bb, ubicado en el municipio de Chignahuapan, donde se abordaron tem\u00e1ticas como ciber violencia, discriminaci\u00f3n, violencia de g\u00e9nero y sensibilizaci\u00f3n para la prevenci\u00f3n.<\/p>\n\n\n\n<p>En las pr\u00f3ximas semanas estas pl\u00e1ticas ser\u00e1n impartidas en los dem\u00e1s Centros Escolares de la entidad, modelo \u00fanico en el pa\u00eds, que ofrece educaci\u00f3n desde preescolar hasta bachillerato, en turno matutino y vespertino.<\/p>\n","protected":false},"excerpt":{"rendered":"<p>El Congreso del Estado particip\u00f3 en el inicio de las jornadas \u00abAprendamos por la paz\u00bb, en el Centro Escolar Presidente Guadalupe Victoria de Chignahuapan, con el objetivo de fomentar la cultura de la no violencia entre las y los j\u00f3venes que cursan secundaria y bachillerato. La estrategia se aplicar\u00e1 en los 33 Centros Escolares de [&hellip;]<\/p>\n","protected":false},"author":4,"featured_media":47099,"comment_status":"open","ping_status":"open","sticky":false,"template":"","format":"standard","meta":{"om_disable_all_campaigns":false,"_monsterinsights_skip_tracking":false,"_monsterinsights_sitenote_active":false,"_monsterinsights_sitenote_note":"","_monsterinsights_sitenote_category":0,"footnotes":""},"categories":[175],"tags":[227,223],"class_list":["post-47098","post","type-post","status-publish","format-standard","has-post-thumbnail","hentry","category-local","tag-congreso","tag-puebla"],"amp_enabled":true,"_links":{"self":[{"href":"https:\/\/lahora.mx\/index.php\/wp-json\/wp\/v2\/posts\/47098","targetHints":{"allow":["GET"]}}],"collection":[{"href":"https:\/\/lahora.mx\/index.php\/wp-json\/wp\/v2\/posts"}],"about":[{"href":"https:\/\/lahora.mx\/index.php\/wp-json\/wp\/v2\/types\/post"}],"author":[{"embeddable":true,"href":"https:\/\/lahora.mx\/index.php\/wp-json\/wp\/v2\/users\/4"}],"replies":[{"embeddable":true,"href":"https:\/\/lahora.mx\/index.php\/wp-json\/wp\/v2\/comments?post=47098"}],"version-history":[{"count":2,"href":"https:\/\/lahora.mx\/index.php\/wp-json\/wp\/v2\/posts\/47098\/revisions"}],"predecessor-version":[{"id":47106,"href":"https:\/\/lahora.mx\/index.php\/wp-json\/wp\/v2\/posts\/47098\/revisions\/47106"}],"wp:featuredmedia":[{"embeddable":true,"href":"https:\/\/lahora.mx\/index.php\/wp-json\/wp\/v2\/media\/47099"}],"wp:attachment":[{"href":"https:\/\/lahora.mx\/index.php\/wp-json\/wp\/v2\/media?parent=47098"}],"wp:term":[{"taxonomy":"category","embeddable":true,"href":"https:\/\/lahora.mx\/index.php\/wp-json\/wp\/v2\/categories?post=47098"},{"taxonomy":"post_tag","embeddable":true,"href":"https:\/\/lahora.mx\/index.php\/wp-json\/wp\/v2\/tags?post=47098"}],"curies":[{"name":"wp","href":"https:\/\/api.w.org\/{rel}","templated":true}]}}