{"id":47065,"date":"2024-05-06T16:36:32","date_gmt":"2024-05-06T16:36:32","guid":{"rendered":"http:\/\/lahora.mx\/?p=47065"},"modified":"2024-06-04T16:45:45","modified_gmt":"2024-06-04T16:45:45","slug":"promueve-congreso-del-estado-educacion-inclusiva-para-personas-con-discapacidad","status":"publish","type":"post","link":"https:\/\/lahora.mx\/index.php\/2024\/05\/06\/promueve-congreso-del-estado-educacion-inclusiva-para-personas-con-discapacidad\/","title":{"rendered":"Promueve Congreso del Estado educaci\u00f3n inclusiva para personas con discapacidad"},"content":{"rendered":"\n<p>Para fomentar una educaci\u00f3n inclusiva en los diferentes niveles y modalidades, en favor de las personas con discapacidad, al contar con la infraestructura adecuada y con personal que atienda las necesidades de las y los alumnos, el Congreso aprob\u00f3 reformas a la Ley de Educaci\u00f3n del Estado de Puebla.<\/p>\n\n\n\n<p>Despu\u00e9s de realizar una consulta p\u00fablica a personas con discapacidad, el 21 de septiembre de 2023 el Congreso del Estado aval\u00f3 reformas a la Ley de Educaci\u00f3n del Estado de Puebla, a fin de incluir en la legislaci\u00f3n las propuestas y aportaciones de la ciudadan\u00eda.<\/p>\n\n\n\n<p>Entre las modificaciones, destaca que los muebles e inmuebles, servicios o instalaciones destinados a la prestaci\u00f3n del servicio p\u00fablico de educaci\u00f3n en todos sus tipos, niveles y modalidades, deben ser adecuados y contar\u00e1n con las caracter\u00edsticas necesarias, para brindar una educaci\u00f3n inclusiva de excelencia a personas con discapacidad, en atenci\u00f3n a la suficiencia presupuestaria.<\/p>\n\n\n\n<p>En la Ley, tambi\u00e9n se estableci\u00f3 que la educaci\u00f3n debe ser inclusiva, equitativa y de excelencia, eliminando toda forma de discriminaci\u00f3n y exclusi\u00f3n, garantizando la igualdad de trato, as\u00ed como las dem\u00e1s condiciones estructurales que se convierten en barreras al aprendizaje y la participaci\u00f3n.<\/p>\n\n\n\n<p>Por lo que se atender\u00e1n las capacidades, circunstancias, necesidades, estilos y ritmos de aprendizaje de las y los educandos, con instalaciones adecuadas y ajustando los materiales de aprendizaje.<\/p>\n\n\n\n<p>Como parte de las reformas se indica que la educaci\u00f3n especial debe estar disponible para todos los tipos, niveles, modalidades y opciones educativas, \u00e9sta se proporcionar\u00e1 en condiciones necesarias, a partir de la decisi\u00f3n y previa valoraci\u00f3n por parte de las y los educandos, madres y padres de familia, tutoras o tutores, personal docente y, en su caso, por una condici\u00f3n de salud.<\/p>\n\n\n\n<p>Adem\u00e1s, se brindar\u00e1 capacitaci\u00f3n a las y los docentes para detectar las necesidades de aprendizaje de las y los educandos, considerando los diversos tipos de discapacidad.<br>Mediante la educaci\u00f3n inclusiva se pretende proporcionar a las personas con discapacidad la posibilidad de aprender y desarrollar habilidades para la vida diaria que favorezcan su convivencia cotidiana e inclusi\u00f3n laboral, a fin de propiciar su participaci\u00f3n plena y en condiciones equitativas en la educaci\u00f3n y en la sociedad.<\/p>\n","protected":false},"excerpt":{"rendered":"<p>Para fomentar una educaci\u00f3n inclusiva en los diferentes niveles y modalidades, en favor de las personas con discapacidad, al contar con la infraestructura adecuada y con personal que atienda las necesidades de las y los alumnos, el Congreso aprob\u00f3 reformas a la Ley de Educaci\u00f3n del Estado de Puebla. Despu\u00e9s de realizar una consulta p\u00fablica [&hellip;]<\/p>\n","protected":false},"author":4,"featured_media":47068,"comment_status":"open","ping_status":"open","sticky":false,"template":"","format":"standard","meta":{"om_disable_all_campaigns":false,"_monsterinsights_skip_tracking":false,"_monsterinsights_sitenote_active":false,"_monsterinsights_sitenote_note":"","_monsterinsights_sitenote_category":0,"footnotes":""},"categories":[175],"tags":[227],"class_list":["post-47065","post","type-post","status-publish","format-standard","has-post-thumbnail","hentry","category-local","tag-congreso"],"amp_enabled":true,"_links":{"self":[{"href":"https:\/\/lahora.mx\/index.php\/wp-json\/wp\/v2\/posts\/47065","targetHints":{"allow":["GET"]}}],"collection":[{"href":"https:\/\/lahora.mx\/index.php\/wp-json\/wp\/v2\/posts"}],"about":[{"href":"https:\/\/lahora.mx\/index.php\/wp-json\/wp\/v2\/types\/post"}],"author":[{"embeddable":true,"href":"https:\/\/lahora.mx\/index.php\/wp-json\/wp\/v2\/users\/4"}],"replies":[{"embeddable":true,"href":"https:\/\/lahora.mx\/index.php\/wp-json\/wp\/v2\/comments?post=47065"}],"version-history":[{"count":1,"href":"https:\/\/lahora.mx\/index.php\/wp-json\/wp\/v2\/posts\/47065\/revisions"}],"predecessor-version":[{"id":47069,"href":"https:\/\/lahora.mx\/index.php\/wp-json\/wp\/v2\/posts\/47065\/revisions\/47069"}],"wp:featuredmedia":[{"embeddable":true,"href":"https:\/\/lahora.mx\/index.php\/wp-json\/wp\/v2\/media\/47068"}],"wp:attachment":[{"href":"https:\/\/lahora.mx\/index.php\/wp-json\/wp\/v2\/media?parent=47065"}],"wp:term":[{"taxonomy":"category","embeddable":true,"href":"https:\/\/lahora.mx\/index.php\/wp-json\/wp\/v2\/categories?post=47065"},{"taxonomy":"post_tag","embeddable":true,"href":"https:\/\/lahora.mx\/index.php\/wp-json\/wp\/v2\/tags?post=47065"}],"curies":[{"name":"wp","href":"https:\/\/api.w.org\/{rel}","templated":true}]}}