{"id":46975,"date":"2024-06-03T05:45:33","date_gmt":"2024-06-03T05:45:33","guid":{"rendered":"http:\/\/lahora.mx\/?p=46975"},"modified":"2024-06-03T05:45:33","modified_gmt":"2024-06-03T05:45:33","slug":"buendia-y-marquez-dan-victoria-a-sheinbaum-en-encuestas-de-salida","status":"publish","type":"post","link":"https:\/\/lahora.mx\/index.php\/2024\/06\/03\/buendia-y-marquez-dan-victoria-a-sheinbaum-en-encuestas-de-salida\/","title":{"rendered":"Buend\u00eda y M\u00e1rquez  dan victoria a Sheinbaum en encuestas de salida"},"content":{"rendered":"\n<p>Luego que Buend\u00eda &amp; M\u00e1rquez public\u00f3 los primeros resultados de su encuesta de salida en la que da una amplia ventaja a Claudia Sheinbaum con 59 puntos y X\u00f3chitl G\u00e1lvez s\u00f3lo 30 puntos.<\/p>\n\n\n\n<p>\u00abUna ventaja amplia de Claudia Sheinbaum, los porcentajes son contundentes, una ventaja pr\u00e1cticamente 2 a 1, y un escenario que no se ve\u00eda desde hace d\u00e9cadas. Un triunfo claro y contundente\u00bb, calific\u00f3 Jorge Buend\u00eda, especialista pol\u00edtico-electoral.<\/p>\n\n\n\n<p>El 2 a 1 del que habla Buend\u00eda es porque el candidato de MC, Jorge \u00c1lvarez M\u00e1ynez, en la encuesta de salida que realizaron s\u00f3lo obtuvo 11 puntos.<\/p>\n\n\n\n<p>Adem\u00e1s, para Buend\u00eda &amp; M\u00e1rquez estos resultados muestran que las proyecciones hechas por las casas encuestadoras se cumplieron: \u00abpara nada fue una elecci\u00f3n competida\u00bb, dijo Jorge.<\/p>\n\n\n\n<p>De acuerdo con el especialista hubo una combinaci\u00f3n de varios factores para la ventaja de Claudia Sheinbaum: su curr\u00edculum, su trayectoria, haber sido jefa de Gobierno de la CDMX, ser de Morena y el mandato del presidente Andr\u00e9s Manuel L\u00f3pez Obrador.<\/p>\n\n\n\n<p>\u00abSin lugar a dudas es un hito tener una mujer en la Presidencia de la Rep\u00fablica, que estar\u00e1 tomando decisiones; M\u00e9xico est\u00e1 rompiendo muchas barreras m\u00e1s que se considera que es un pa\u00eds machista pero no fue un tema, el electorado se inclin\u00f3 a ella. 9 de 10 ciudadanos votaron por una mujer \u00ab, expres\u00f3 Jorge Buend\u00eda.<\/p>\n","protected":false},"excerpt":{"rendered":"<p>Luego que Buend\u00eda &amp; M\u00e1rquez public\u00f3 los primeros resultados de su encuesta de salida en la que da una amplia ventaja a Claudia Sheinbaum con 59 puntos y X\u00f3chitl G\u00e1lvez s\u00f3lo 30 puntos. \u00abUna ventaja amplia de Claudia Sheinbaum, los porcentajes son contundentes, una ventaja pr\u00e1cticamente 2 a 1, y un escenario que no se [&hellip;]<\/p>\n","protected":false},"author":4,"featured_media":46976,"comment_status":"open","ping_status":"open","sticky":false,"template":"","format":"standard","meta":{"om_disable_all_campaigns":false,"_monsterinsights_skip_tracking":false,"_monsterinsights_sitenote_active":false,"_monsterinsights_sitenote_note":"","_monsterinsights_sitenote_category":0,"footnotes":""},"categories":[176],"tags":[],"class_list":["post-46975","post","type-post","status-publish","format-standard","has-post-thumbnail","hentry","category-nacional"],"amp_enabled":true,"_links":{"self":[{"href":"https:\/\/lahora.mx\/index.php\/wp-json\/wp\/v2\/posts\/46975","targetHints":{"allow":["GET"]}}],"collection":[{"href":"https:\/\/lahora.mx\/index.php\/wp-json\/wp\/v2\/posts"}],"about":[{"href":"https:\/\/lahora.mx\/index.php\/wp-json\/wp\/v2\/types\/post"}],"author":[{"embeddable":true,"href":"https:\/\/lahora.mx\/index.php\/wp-json\/wp\/v2\/users\/4"}],"replies":[{"embeddable":true,"href":"https:\/\/lahora.mx\/index.php\/wp-json\/wp\/v2\/comments?post=46975"}],"version-history":[{"count":1,"href":"https:\/\/lahora.mx\/index.php\/wp-json\/wp\/v2\/posts\/46975\/revisions"}],"predecessor-version":[{"id":46977,"href":"https:\/\/lahora.mx\/index.php\/wp-json\/wp\/v2\/posts\/46975\/revisions\/46977"}],"wp:featuredmedia":[{"embeddable":true,"href":"https:\/\/lahora.mx\/index.php\/wp-json\/wp\/v2\/media\/46976"}],"wp:attachment":[{"href":"https:\/\/lahora.mx\/index.php\/wp-json\/wp\/v2\/media?parent=46975"}],"wp:term":[{"taxonomy":"category","embeddable":true,"href":"https:\/\/lahora.mx\/index.php\/wp-json\/wp\/v2\/categories?post=46975"},{"taxonomy":"post_tag","embeddable":true,"href":"https:\/\/lahora.mx\/index.php\/wp-json\/wp\/v2\/tags?post=46975"}],"curies":[{"name":"wp","href":"https:\/\/api.w.org\/{rel}","templated":true}]}}