{"id":46912,"date":"2024-06-01T01:51:10","date_gmt":"2024-06-01T01:51:10","guid":{"rendered":"http:\/\/lahora.mx\/?p=46912"},"modified":"2024-06-01T01:51:10","modified_gmt":"2024-06-01T01:51:10","slug":"israel-propone-alto-al-fuego-a-hamas-a-cambio-de-liberacion-de-rehenes","status":"publish","type":"post","link":"https:\/\/lahora.mx\/index.php\/2024\/06\/01\/israel-propone-alto-al-fuego-a-hamas-a-cambio-de-liberacion-de-rehenes\/","title":{"rendered":"Israel propone alto al fuego a Ham\u00e1s a cambio de liberaci\u00f3n de rehenes"},"content":{"rendered":"\n<p>Israel present\u00f3 una nueva propuesta de acuerdo para un alto al fuego duradero a Ham\u00e1s, a cambio de la liberaci\u00f3n de todos los rehenes en manos del grupo islamista, as\u00ed lo dio a conocer el presidente de Estados Unidos, Joe Biden.<\/p>\n\n\n\n<p>Biden declar\u00f3 en una comparecencia en la Casa Blanca que,tras una intensa actividad diplom\u00e1tica, Israel ofreci\u00f3 una propuesta integral que fue enviada a Ham\u00e1s a trav\u00e9s de la intermediaci\u00f3n de Catar. Esta propuesta constar\u00eda de tres fases:<\/p>\n\n\n\n<p>La primera fase, implicar\u00eda un alto el fuego completo que durar\u00eda seis semanas, la retirada de las tropas israel\u00edes de las \u00e1reas pobladas de la Franja de Gaza y la liberaci\u00f3n de varios rehenes, incluyendo mujeres, ancianos y heridos, a cambio de la excarcelaci\u00f3n de prisioneros palestinos.<\/p>\n\n\n\n<p>Durante estas seis semanas, Israel y Ham\u00e1s deber\u00edan negociar los detalles de la segunda fase, que incluir\u00eda \u00abel final permanente de las hostilidades\u00bb, la liberaci\u00f3n del resto de los rehenes, incluidos soldados, y la retirada del Ej\u00e9rcito israel\u00ed de la Franja.<br>Biden se\u00f1al\u00f3 que esta segunda etapa requerir\u00eda negociaciones intensas y que el alto el fuego continuar\u00eda vigente mientras las conversaciones est\u00e9n en curso.<\/p>\n\n\n\n<p>La tercera y \u00faltima fase del acuerdo comprender\u00eda un \u00abgran plan de reconstrucci\u00f3n\u00bb para la Franja de Gaza y la devoluci\u00f3n de los cuerpos de los rehenes asesinados.<\/p>\n\n\n\n<p>El presidente de Estados Unidos subray\u00f3 que esta oferta est\u00e1 actualmente sobre la mesa y es lo que se ha estado pidiendo y lo que se necesita para la regi\u00f3n.<\/p>\n","protected":false},"excerpt":{"rendered":"<p>Israel present\u00f3 una nueva propuesta de acuerdo para un alto al fuego duradero a Ham\u00e1s, a cambio de la liberaci\u00f3n de todos los rehenes en manos del grupo islamista, as\u00ed lo dio a conocer el presidente de Estados Unidos, Joe Biden. Biden declar\u00f3 en una comparecencia en la Casa Blanca que,tras una intensa actividad diplom\u00e1tica, [&hellip;]<\/p>\n","protected":false},"author":4,"featured_media":46913,"comment_status":"open","ping_status":"open","sticky":false,"template":"","format":"standard","meta":{"om_disable_all_campaigns":false,"_monsterinsights_skip_tracking":false,"_monsterinsights_sitenote_active":false,"_monsterinsights_sitenote_note":"","_monsterinsights_sitenote_category":0,"footnotes":""},"categories":[183],"tags":[195],"class_list":["post-46912","post","type-post","status-publish","format-standard","has-post-thumbnail","hentry","category-internacional","tag-principal"],"amp_enabled":true,"_links":{"self":[{"href":"https:\/\/lahora.mx\/index.php\/wp-json\/wp\/v2\/posts\/46912","targetHints":{"allow":["GET"]}}],"collection":[{"href":"https:\/\/lahora.mx\/index.php\/wp-json\/wp\/v2\/posts"}],"about":[{"href":"https:\/\/lahora.mx\/index.php\/wp-json\/wp\/v2\/types\/post"}],"author":[{"embeddable":true,"href":"https:\/\/lahora.mx\/index.php\/wp-json\/wp\/v2\/users\/4"}],"replies":[{"embeddable":true,"href":"https:\/\/lahora.mx\/index.php\/wp-json\/wp\/v2\/comments?post=46912"}],"version-history":[{"count":1,"href":"https:\/\/lahora.mx\/index.php\/wp-json\/wp\/v2\/posts\/46912\/revisions"}],"predecessor-version":[{"id":46914,"href":"https:\/\/lahora.mx\/index.php\/wp-json\/wp\/v2\/posts\/46912\/revisions\/46914"}],"wp:featuredmedia":[{"embeddable":true,"href":"https:\/\/lahora.mx\/index.php\/wp-json\/wp\/v2\/media\/46913"}],"wp:attachment":[{"href":"https:\/\/lahora.mx\/index.php\/wp-json\/wp\/v2\/media?parent=46912"}],"wp:term":[{"taxonomy":"category","embeddable":true,"href":"https:\/\/lahora.mx\/index.php\/wp-json\/wp\/v2\/categories?post=46912"},{"taxonomy":"post_tag","embeddable":true,"href":"https:\/\/lahora.mx\/index.php\/wp-json\/wp\/v2\/tags?post=46912"}],"curies":[{"name":"wp","href":"https:\/\/api.w.org\/{rel}","templated":true}]}}