{"id":46658,"date":"2024-05-07T14:12:01","date_gmt":"2024-05-07T14:12:01","guid":{"rendered":"http:\/\/lahora.mx\/?p=46658"},"modified":"2024-05-29T14:13:11","modified_gmt":"2024-05-29T14:13:11","slug":"fomenta-feria-de-puebla-cultura-del-reciclaje-entre-ninas-y-ninos","status":"publish","type":"post","link":"https:\/\/lahora.mx\/index.php\/2024\/05\/07\/fomenta-feria-de-puebla-cultura-del-reciclaje-entre-ninas-y-ninos\/","title":{"rendered":"Fomenta Feria de Puebla cultura del reciclaje entre ni\u00f1as y ni\u00f1os"},"content":{"rendered":"\n<p>Con el fin de fomentar la cultura del reciclaje y la preservaci\u00f3n del medio ambiente entre ni\u00f1os, ni\u00f1as y adolescentes que asisten a la Feria de Puebla, este martes 07 de mayo, en el Pabell\u00f3n de la Secretar\u00eda de Turismo, se imparti\u00f3 una pl\u00e1tica respecto a c\u00f3mo aprovechar y no tirar a la basura los envases y tapas PET, a fin de realizar muebles y utensilios diversos para el hogar.<\/p>\n\n\n\n<p>Las y los alumnos de la Escuela Telesecundaria \u201cAquiles Serd\u00e1n\u201d, del municipio de Ahuazotepec, escucharon la importancia que, desde los hogares y en sus respectivas instituciones educativas, se fomente el reciclaje de los productos pl\u00e1sticos, a fin de reducir la emisi\u00f3n de contaminantes, la muerte de la flora marina y contaminaci\u00f3n de los mantos acu\u00edferos.<\/p>\n\n\n\n<p>Despu\u00e9s, las y los menores disfrutaron de la Feria de Puebla, al recorrer los puestos del Pabell\u00f3n Tur\u00edstico, donde degustaron de gastronom\u00eda, artesan\u00eda y antojitos que ofrecen los 12 Pueblos M\u00e1gicos y los municipios de vocaci\u00f3n tur\u00edstica.<\/p>\n\n\n\n<p>As\u00ed como los infantes de Ahuazotepec, las y los ni\u00f1os que asisten con sus padres al Centro Expositor, pueden subirse a los juegos mec\u00e1nicos y maravillarse con Inmersive Disney Animation, el espect\u00e1culo sobre hielo Illusion On Ice y actuaciones art\u00edsticas, entre otras actividades.<\/p>\n","protected":false},"excerpt":{"rendered":"<p>Con el fin de fomentar la cultura del reciclaje y la preservaci\u00f3n del medio ambiente entre ni\u00f1os, ni\u00f1as y adolescentes que asisten a la Feria de Puebla, este martes 07 de mayo, en el Pabell\u00f3n de la Secretar\u00eda de Turismo, se imparti\u00f3 una pl\u00e1tica respecto a c\u00f3mo aprovechar y no tirar a la basura los [&hellip;]<\/p>\n","protected":false},"author":4,"featured_media":46659,"comment_status":"open","ping_status":"open","sticky":false,"template":"","format":"standard","meta":{"om_disable_all_campaigns":false,"_monsterinsights_skip_tracking":false,"_monsterinsights_sitenote_active":false,"_monsterinsights_sitenote_note":"","_monsterinsights_sitenote_category":0,"footnotes":""},"categories":[175],"tags":[223],"class_list":["post-46658","post","type-post","status-publish","format-standard","has-post-thumbnail","hentry","category-local","tag-puebla"],"amp_enabled":true,"_links":{"self":[{"href":"https:\/\/lahora.mx\/index.php\/wp-json\/wp\/v2\/posts\/46658","targetHints":{"allow":["GET"]}}],"collection":[{"href":"https:\/\/lahora.mx\/index.php\/wp-json\/wp\/v2\/posts"}],"about":[{"href":"https:\/\/lahora.mx\/index.php\/wp-json\/wp\/v2\/types\/post"}],"author":[{"embeddable":true,"href":"https:\/\/lahora.mx\/index.php\/wp-json\/wp\/v2\/users\/4"}],"replies":[{"embeddable":true,"href":"https:\/\/lahora.mx\/index.php\/wp-json\/wp\/v2\/comments?post=46658"}],"version-history":[{"count":1,"href":"https:\/\/lahora.mx\/index.php\/wp-json\/wp\/v2\/posts\/46658\/revisions"}],"predecessor-version":[{"id":46660,"href":"https:\/\/lahora.mx\/index.php\/wp-json\/wp\/v2\/posts\/46658\/revisions\/46660"}],"wp:featuredmedia":[{"embeddable":true,"href":"https:\/\/lahora.mx\/index.php\/wp-json\/wp\/v2\/media\/46659"}],"wp:attachment":[{"href":"https:\/\/lahora.mx\/index.php\/wp-json\/wp\/v2\/media?parent=46658"}],"wp:term":[{"taxonomy":"category","embeddable":true,"href":"https:\/\/lahora.mx\/index.php\/wp-json\/wp\/v2\/categories?post=46658"},{"taxonomy":"post_tag","embeddable":true,"href":"https:\/\/lahora.mx\/index.php\/wp-json\/wp\/v2\/tags?post=46658"}],"curies":[{"name":"wp","href":"https:\/\/api.w.org\/{rel}","templated":true}]}}