{"id":46651,"date":"2024-05-07T14:08:46","date_gmt":"2024-05-07T14:08:46","guid":{"rendered":"http:\/\/lahora.mx\/?p=46651"},"modified":"2024-05-29T14:09:55","modified_gmt":"2024-05-29T14:09:55","slug":"museo-regional-casa-de-alfenique-a-dos-anos-de-cumplir-un-siglo-de-vida","status":"publish","type":"post","link":"https:\/\/lahora.mx\/index.php\/2024\/05\/07\/museo-regional-casa-de-alfenique-a-dos-anos-de-cumplir-un-siglo-de-vida\/","title":{"rendered":"Museo Regional Casa de Alfe\u00f1ique, a dos a\u00f1os de cumplir un siglo de vida"},"content":{"rendered":"\n<p>El Museo Regional Casa de Alfe\u00f1ique (4 Oriente n\u00famero 416, Centro Hist\u00f3rico) festeja sus 98 a\u00f1os; es considerado el primer recinto muse\u00edstico del estado, porque el 5 de mayo de 1926 el entonces gobernador Claudio N. Tirado lo nombr\u00f3 \u201cEl Museo Regional de Puebla\u201d, y en 1790 fue denominado como Casa de Alfe\u00f1ique por su fachada que con los a\u00f1os se convirti\u00f3 en un atractivo elemento arquitect\u00f3nico ic\u00f3nico de Puebla.<\/p>\n\n\n\n<p>A dos a\u00f1os de cumplir un siglo de vida, el inmueble conserva sus 18 salas donde se pueden conocer y explorar la historia de Puebla, desde la Fundaci\u00f3n hasta el Porfiriato; tambi\u00e9n la vida cotidiana de una familia del siglo XIX, destacando el Sal\u00f3n Rojo, la cocina antigua y la capilla que cuenta con un retablo que evoca a la Capilla del Rosario.<\/p>\n\n\n\n<p>Los festejos de aniversario incluyen: la conferencia \u201cHistoria y memoria del primer Museo Regional del estado de Puebla\u201d, que impartir\u00e1 el historiador Arturo C\u00f3rdova, el 07 de mayo a las 17:00 horas; un concierto de jazz, pop y danz\u00f3n que ofrecer\u00e1 el ensamble de clarinetes del Centro de Capacitaci\u00f3n de M\u00fasica de Banda (CECAMBA) el 09 de mayo a las 17:00 horas. Adem\u00e1s, dos visitas guiadas el 09 y el 16 de mayo para conocer m\u00e1s de la historia, y entrada gratuita en \u201cNoche de Museos\u201d el s\u00e1bado 18 de mayo en un horario de 17:00 a 22:00 horas.<\/p>\n\n\n\n<p>El Museo Regional Casa de Alfe\u00f1ique est\u00e1 abierto de martes a jueves de 10:00 a 17:00 horas; viernes a domingo de 10:00 a 18:00 horas. La entrada general tiene un costo de 45 pesos; 24 pesos en caso de estudiantes, maestros o personas de la tercera edad con credencial vigente; domingo, gratis.<\/p>\n\n\n\n<p>La oferta cultural completa puede consultarse en las redes sociales de @museospuebla (Facebook e Instagram), @PueblaMuseos (X, antes Twitter) y en el sitio web sc.puebla.gob.mx.<\/p>\n","protected":false},"excerpt":{"rendered":"<p>El Museo Regional Casa de Alfe\u00f1ique (4 Oriente n\u00famero 416, Centro Hist\u00f3rico) festeja sus 98 a\u00f1os; es considerado el primer recinto muse\u00edstico del estado, porque el 5 de mayo de 1926 el entonces gobernador Claudio N. Tirado lo nombr\u00f3 \u201cEl Museo Regional de Puebla\u201d, y en 1790 fue denominado como Casa de Alfe\u00f1ique por su [&hellip;]<\/p>\n","protected":false},"author":4,"featured_media":46653,"comment_status":"open","ping_status":"open","sticky":false,"template":"","format":"standard","meta":{"om_disable_all_campaigns":false,"_monsterinsights_skip_tracking":false,"_monsterinsights_sitenote_active":false,"_monsterinsights_sitenote_note":"","_monsterinsights_sitenote_category":0,"footnotes":""},"categories":[175,1],"tags":[239,223],"class_list":["post-46651","post","type-post","status-publish","format-standard","has-post-thumbnail","hentry","category-local","category-sin-categoria","tag-gobierno","tag-puebla"],"amp_enabled":true,"_links":{"self":[{"href":"https:\/\/lahora.mx\/index.php\/wp-json\/wp\/v2\/posts\/46651","targetHints":{"allow":["GET"]}}],"collection":[{"href":"https:\/\/lahora.mx\/index.php\/wp-json\/wp\/v2\/posts"}],"about":[{"href":"https:\/\/lahora.mx\/index.php\/wp-json\/wp\/v2\/types\/post"}],"author":[{"embeddable":true,"href":"https:\/\/lahora.mx\/index.php\/wp-json\/wp\/v2\/users\/4"}],"replies":[{"embeddable":true,"href":"https:\/\/lahora.mx\/index.php\/wp-json\/wp\/v2\/comments?post=46651"}],"version-history":[{"count":1,"href":"https:\/\/lahora.mx\/index.php\/wp-json\/wp\/v2\/posts\/46651\/revisions"}],"predecessor-version":[{"id":46652,"href":"https:\/\/lahora.mx\/index.php\/wp-json\/wp\/v2\/posts\/46651\/revisions\/46652"}],"wp:featuredmedia":[{"embeddable":true,"href":"https:\/\/lahora.mx\/index.php\/wp-json\/wp\/v2\/media\/46653"}],"wp:attachment":[{"href":"https:\/\/lahora.mx\/index.php\/wp-json\/wp\/v2\/media?parent=46651"}],"wp:term":[{"taxonomy":"category","embeddable":true,"href":"https:\/\/lahora.mx\/index.php\/wp-json\/wp\/v2\/categories?post=46651"},{"taxonomy":"post_tag","embeddable":true,"href":"https:\/\/lahora.mx\/index.php\/wp-json\/wp\/v2\/tags?post=46651"}],"curies":[{"name":"wp","href":"https:\/\/api.w.org\/{rel}","templated":true}]}}