{"id":46645,"date":"2024-05-04T14:05:58","date_gmt":"2024-05-04T14:05:58","guid":{"rendered":"http:\/\/lahora.mx\/?p=46645"},"modified":"2024-05-29T14:06:57","modified_gmt":"2024-05-29T14:06:57","slug":"presentan-tepeyahualco-y-zacapoaxtla-quesos-bebidas-y-textiles-artesanales-en-feria-de-puebla","status":"publish","type":"post","link":"https:\/\/lahora.mx\/index.php\/2024\/05\/04\/presentan-tepeyahualco-y-zacapoaxtla-quesos-bebidas-y-textiles-artesanales-en-feria-de-puebla\/","title":{"rendered":"Presentan Tepeyahualco y Zacapoaxtla quesos, bebidas y textiles artesanales en Feria de Puebla"},"content":{"rendered":"\n<p>Quesos de autor y aut\u00e9nticamente artesanales, as\u00ed como licores y cremas de Tepeyahualco, textiles y m\u00e1s destilados frutales de Zacapoaxtla, ser\u00e1n los productos que las y los visitantes al Pabell\u00f3n Tur\u00edstico de la Feria de Puebla 2024, donde habr\u00e1 presentaciones art\u00edsticas provenientes de Teziutl\u00e1n, San Pedro Cholula, Amozoc y Puebla capital, organizados por las secretar\u00edas de Turismo y Cultura.<\/p>\n\n\n\n<p>Despu\u00e9s de que Tepeyahualco present\u00f3 una danza representativa de su origen, este s\u00e1bado 04 de mayo continuar\u00e1 con la oferta de la variedad de quesos de cabra y oveja, madurados y frescos, as\u00ed como reques\u00f3n y sales de la marca Florecita Quesera, licores y cremas artesanales Teocalli, a la vez en que promueve sus atractivos tur\u00edsticos, como la Laguna de Alchichica, la zona arqueol\u00f3gica de Cantona, tambi\u00e9n las haciendas y oferta gastron\u00f3mica del municipio.<\/p>\n\n\n\n<p>Mientras que el municipio de Zacapoaxtla ampliar\u00e1 la degustaci\u00f3n de la tradicional bebida de hierbas \u201cYolixpa\u201d en sus versiones tradicional, amargo y fuerte y licores artesanales, de una receta familiar de Don Juan Francisco Dinorin Molina, heredada por m\u00e1s de cuatro generaciones, de sabores como caf\u00e9, higo, tejocote y zarzamora, entre otros; adem\u00e1s de que como recuerdo la marca Lillo tendr\u00e1 a la venta mochilas, monederos, bolsas y capuchas elaboradas artesanalmente desde hace 55 a\u00f1os.<\/p>\n\n\n\n<p>Asimismo, en el d\u00e9cimo d\u00eda de la Feria de Puebla, el Pabell\u00f3n Cultural ofrecer\u00e1 desde las 13:00 horas espect\u00e1culos provenientes de municipios como Teziutl\u00e1n, San Pedro Cholula, Amozoc y Puebla capital, iniciando con una danza a cargo del Ballet Folklorico \u201cMayitz\u00fa\u201d y un concierto del cantante urbano \u201cDanny Mont\u201d, este \u00faltimo a las 14:00 horas.<\/p>\n\n\n\n<p>Posteriormente, a las 15:00 horas, estar\u00e1 presente el Coro Municipal de Teziutl\u00e1n, y a las 16:00 horas, los danzantes de \u201cCalpulli Huitzilihuitl\u201d; seguidos por los grupos \u201cXihuetzca Tepetitla\u201d (danza folcl\u00f3rica), a las 17:00 horas, y \u201cAlianza Cuetlaxcopan\u201d (danza prehisp\u00e1nica) de San Francisco Totimehuacan, a las 18:00 horas.<\/p>\n","protected":false},"excerpt":{"rendered":"<p>Quesos de autor y aut\u00e9nticamente artesanales, as\u00ed como licores y cremas de Tepeyahualco, textiles y m\u00e1s destilados frutales de Zacapoaxtla, ser\u00e1n los productos que las y los visitantes al Pabell\u00f3n Tur\u00edstico de la Feria de Puebla 2024, donde habr\u00e1 presentaciones art\u00edsticas provenientes de Teziutl\u00e1n, San Pedro Cholula, Amozoc y Puebla capital, organizados por las secretar\u00edas [&hellip;]<\/p>\n","protected":false},"author":4,"featured_media":46646,"comment_status":"open","ping_status":"open","sticky":false,"template":"","format":"standard","meta":{"om_disable_all_campaigns":false,"_monsterinsights_skip_tracking":false,"_monsterinsights_sitenote_active":false,"_monsterinsights_sitenote_note":"","_monsterinsights_sitenote_category":0,"footnotes":""},"categories":[175],"tags":[239,223],"class_list":["post-46645","post","type-post","status-publish","format-standard","has-post-thumbnail","hentry","category-local","tag-gobierno","tag-puebla"],"amp_enabled":true,"_links":{"self":[{"href":"https:\/\/lahora.mx\/index.php\/wp-json\/wp\/v2\/posts\/46645","targetHints":{"allow":["GET"]}}],"collection":[{"href":"https:\/\/lahora.mx\/index.php\/wp-json\/wp\/v2\/posts"}],"about":[{"href":"https:\/\/lahora.mx\/index.php\/wp-json\/wp\/v2\/types\/post"}],"author":[{"embeddable":true,"href":"https:\/\/lahora.mx\/index.php\/wp-json\/wp\/v2\/users\/4"}],"replies":[{"embeddable":true,"href":"https:\/\/lahora.mx\/index.php\/wp-json\/wp\/v2\/comments?post=46645"}],"version-history":[{"count":1,"href":"https:\/\/lahora.mx\/index.php\/wp-json\/wp\/v2\/posts\/46645\/revisions"}],"predecessor-version":[{"id":46647,"href":"https:\/\/lahora.mx\/index.php\/wp-json\/wp\/v2\/posts\/46645\/revisions\/46647"}],"wp:featuredmedia":[{"embeddable":true,"href":"https:\/\/lahora.mx\/index.php\/wp-json\/wp\/v2\/media\/46646"}],"wp:attachment":[{"href":"https:\/\/lahora.mx\/index.php\/wp-json\/wp\/v2\/media?parent=46645"}],"wp:term":[{"taxonomy":"category","embeddable":true,"href":"https:\/\/lahora.mx\/index.php\/wp-json\/wp\/v2\/categories?post=46645"},{"taxonomy":"post_tag","embeddable":true,"href":"https:\/\/lahora.mx\/index.php\/wp-json\/wp\/v2\/tags?post=46645"}],"curies":[{"name":"wp","href":"https:\/\/api.w.org\/{rel}","templated":true}]}}