{"id":46639,"date":"2024-05-03T14:03:15","date_gmt":"2024-05-03T14:03:15","guid":{"rendered":"http:\/\/lahora.mx\/?p=46639"},"modified":"2024-05-29T14:05:42","modified_gmt":"2024-05-29T14:05:42","slug":"riqueza-artesanal-y-cultural-de-tepeyahualco-y-zacapoaxtla-presente-en-la-feria-de-puebla","status":"publish","type":"post","link":"https:\/\/lahora.mx\/index.php\/2024\/05\/03\/riqueza-artesanal-y-cultural-de-tepeyahualco-y-zacapoaxtla-presente-en-la-feria-de-puebla\/","title":{"rendered":"Riqueza artesanal y cultural de Tepeyahualco y Zacapoaxtla, presente en la Feria de Puebla"},"content":{"rendered":"\n<p>Tepeyahualco y Zacapoaxtla, dos municipios con vocaci\u00f3n tur\u00edstica, estar\u00e1n presentes este viernes en los pabellones de las secretar\u00edas de Turismo y Cultura de la Feria de Puebla 2024, con diversas artesan\u00edas, vinos tradicionales, quesos, pan, utensilios de piedra volc\u00e1nica, as\u00ed como textiles como blusas, bordados y bolsas, entre otros.<\/p>\n\n\n\n<p>Asimismo, dentro de la programaci\u00f3n del Pabell\u00f3n Cultural, tendr\u00e1 lugar la presentaci\u00f3n de una danza representativa del municipio de Tepeyahualco, de 16:00 a 17:00 horas, as\u00ed como conciertos de los grupos poblanos de rock \u201cSomnia\u201d y \u201cLas chicas s\u00faper apestosas\u201d, a las 17:00 y 18:00 horas, respectivamente.<\/p>\n\n\n\n<p>Respecto a los artesanos, en ambos pabellones comercializar\u00e1n sus productos t\u00edpicos como petates tejidos en palma, loza en barro bru\u00f1ido, joyer\u00eda de talavera, licores de frutas, utensilios de piedra volc\u00e1nica, decoraci\u00f3n en papel picado y textiles tradicionales (blusas, bordados, bolsas, entre otros).<\/p>\n\n\n\n<p>En el caso de Tepeyahualco, las y los artesanos ofrecer\u00e1n a los asistentes quesos tradicionales, vinos t\u00edpicos y productos elaborados con ocoxal, que es el tejido de hojas secas de pinos.<\/p>\n\n\n\n<p>Cabe mencionar que, en esta semana, en el Pabell\u00f3n Cultural tambi\u00e9n se present\u00f3 el municipio de Hueyapan con danzas tradicionales y una representaci\u00f3n en la que se mostr\u00f3 el tratamiento que se le da a la lana para elaborar prendas de vestir.<\/p>\n","protected":false},"excerpt":{"rendered":"<p>Tepeyahualco y Zacapoaxtla, dos municipios con vocaci\u00f3n tur\u00edstica, estar\u00e1n presentes este viernes en los pabellones de las secretar\u00edas de Turismo y Cultura de la Feria de Puebla 2024, con diversas artesan\u00edas, vinos tradicionales, quesos, pan, utensilios de piedra volc\u00e1nica, as\u00ed como textiles como blusas, bordados y bolsas, entre otros. Asimismo, dentro de la programaci\u00f3n del [&hellip;]<\/p>\n","protected":false},"author":4,"featured_media":46642,"comment_status":"open","ping_status":"open","sticky":false,"template":"","format":"standard","meta":{"om_disable_all_campaigns":false,"_monsterinsights_skip_tracking":false,"_monsterinsights_sitenote_active":false,"_monsterinsights_sitenote_note":"","_monsterinsights_sitenote_category":0,"footnotes":""},"categories":[175],"tags":[239,223],"class_list":["post-46639","post","type-post","status-publish","format-standard","has-post-thumbnail","hentry","category-local","tag-gobierno","tag-puebla"],"amp_enabled":true,"_links":{"self":[{"href":"https:\/\/lahora.mx\/index.php\/wp-json\/wp\/v2\/posts\/46639","targetHints":{"allow":["GET"]}}],"collection":[{"href":"https:\/\/lahora.mx\/index.php\/wp-json\/wp\/v2\/posts"}],"about":[{"href":"https:\/\/lahora.mx\/index.php\/wp-json\/wp\/v2\/types\/post"}],"author":[{"embeddable":true,"href":"https:\/\/lahora.mx\/index.php\/wp-json\/wp\/v2\/users\/4"}],"replies":[{"embeddable":true,"href":"https:\/\/lahora.mx\/index.php\/wp-json\/wp\/v2\/comments?post=46639"}],"version-history":[{"count":1,"href":"https:\/\/lahora.mx\/index.php\/wp-json\/wp\/v2\/posts\/46639\/revisions"}],"predecessor-version":[{"id":46643,"href":"https:\/\/lahora.mx\/index.php\/wp-json\/wp\/v2\/posts\/46639\/revisions\/46643"}],"wp:featuredmedia":[{"embeddable":true,"href":"https:\/\/lahora.mx\/index.php\/wp-json\/wp\/v2\/media\/46642"}],"wp:attachment":[{"href":"https:\/\/lahora.mx\/index.php\/wp-json\/wp\/v2\/media?parent=46639"}],"wp:term":[{"taxonomy":"category","embeddable":true,"href":"https:\/\/lahora.mx\/index.php\/wp-json\/wp\/v2\/categories?post=46639"},{"taxonomy":"post_tag","embeddable":true,"href":"https:\/\/lahora.mx\/index.php\/wp-json\/wp\/v2\/tags?post=46639"}],"curies":[{"name":"wp","href":"https:\/\/api.w.org\/{rel}","templated":true}]}}