{"id":46638,"date":"2024-05-02T14:00:16","date_gmt":"2024-05-02T14:00:16","guid":{"rendered":"http:\/\/lahora.mx\/?p=46638"},"modified":"2024-05-29T14:04:54","modified_gmt":"2024-05-29T14:04:54","slug":"promueven-atractivos-de-tehuacan-y-texmelucan-en-feria-de-puebla","status":"publish","type":"post","link":"https:\/\/lahora.mx\/index.php\/2024\/05\/02\/promueven-atractivos-de-tehuacan-y-texmelucan-en-feria-de-puebla\/","title":{"rendered":"Promueven atractivos de Tehuac\u00e1n y Texmelucan en Feria de Puebla"},"content":{"rendered":"\n<p>La diversi\u00f3n en familia continuar\u00e1 este jueves en la Feria de Puebla 2024 con la oferta tur\u00edstica de Tehuac\u00e1n y San Mart\u00edn Texmelucan en el Pabell\u00f3n de la Secretar\u00eda de Turismo; mientras que en el foro art\u00edstico a cargo de la Secretar\u00eda de Cultura, se presentar\u00e1 la propuesta musical del DJ Eduardo Rodr\u00edguez \u201cThe King of Sounds\u201d y una muestra de la Academia de Danza de Cholula Mixcoalli.<\/p>\n\n\n\n<p>As\u00ed como el grupo Fulgor Tr\u00edo y la direcci\u00f3n de Artesan\u00edas, realizar\u00e1n el Conversatorio \u201cManos que Trascienden\u201d, un espacio de intercambio de opiniones acerca de las diversas ramas artesanales, representativas del estado de Puebla.<\/p>\n\n\n\n<p>En el caso de Tehuac\u00e1n, mostrar\u00e1 a las y los poblanos los deliciosos mu\u00e9ganos, mezcal, figuras decorativas de \u00f3nix, art\u00edculos de palma, playeras bordadas, pulque artesanal, barro gru\u00f1ido, productos naturales medicinales y sal de grano de Zapotitl\u00e1n Salinas.<\/p>\n\n\n\n<p>En tanto, San Mart\u00edn Texmelucan promover\u00e1 la alfarer\u00eda, cuyos artesanos elaboran obras de arte con cer\u00e1mica y arcilla; asimismo, ofrecer\u00e1n diversos art\u00edculos de madera entre los que destacan figuras decorativas para el hogar y juguetes tradicionales.<\/p>\n\n\n\n<p>Cabe mencionar que los visitantes tambi\u00e9n podr\u00e1n conocer los atractivos, gastronom\u00eda y artesan\u00eda de los 12 Pueblos M\u00e1gicos de la entidad, a fin de incentivar el turismo al interior del estado y as\u00ed propiciar un mayor dinamismo econ\u00f3mico.<\/p>\n","protected":false},"excerpt":{"rendered":"<p>La diversi\u00f3n en familia continuar\u00e1 este jueves en la Feria de Puebla 2024 con la oferta tur\u00edstica de Tehuac\u00e1n y San Mart\u00edn Texmelucan en el Pabell\u00f3n de la Secretar\u00eda de Turismo; mientras que en el foro art\u00edstico a cargo de la Secretar\u00eda de Cultura, se presentar\u00e1 la propuesta musical del DJ Eduardo Rodr\u00edguez \u201cThe King [&hellip;]<\/p>\n","protected":false},"author":4,"featured_media":46640,"comment_status":"open","ping_status":"open","sticky":false,"template":"","format":"standard","meta":{"om_disable_all_campaigns":false,"_monsterinsights_skip_tracking":false,"_monsterinsights_sitenote_active":false,"_monsterinsights_sitenote_note":"","_monsterinsights_sitenote_category":0,"footnotes":""},"categories":[175],"tags":[239,223],"class_list":["post-46638","post","type-post","status-publish","format-standard","has-post-thumbnail","hentry","category-local","tag-gobierno","tag-puebla"],"amp_enabled":true,"_links":{"self":[{"href":"https:\/\/lahora.mx\/index.php\/wp-json\/wp\/v2\/posts\/46638","targetHints":{"allow":["GET"]}}],"collection":[{"href":"https:\/\/lahora.mx\/index.php\/wp-json\/wp\/v2\/posts"}],"about":[{"href":"https:\/\/lahora.mx\/index.php\/wp-json\/wp\/v2\/types\/post"}],"author":[{"embeddable":true,"href":"https:\/\/lahora.mx\/index.php\/wp-json\/wp\/v2\/users\/4"}],"replies":[{"embeddable":true,"href":"https:\/\/lahora.mx\/index.php\/wp-json\/wp\/v2\/comments?post=46638"}],"version-history":[{"count":1,"href":"https:\/\/lahora.mx\/index.php\/wp-json\/wp\/v2\/posts\/46638\/revisions"}],"predecessor-version":[{"id":46641,"href":"https:\/\/lahora.mx\/index.php\/wp-json\/wp\/v2\/posts\/46638\/revisions\/46641"}],"wp:featuredmedia":[{"embeddable":true,"href":"https:\/\/lahora.mx\/index.php\/wp-json\/wp\/v2\/media\/46640"}],"wp:attachment":[{"href":"https:\/\/lahora.mx\/index.php\/wp-json\/wp\/v2\/media?parent=46638"}],"wp:term":[{"taxonomy":"category","embeddable":true,"href":"https:\/\/lahora.mx\/index.php\/wp-json\/wp\/v2\/categories?post=46638"},{"taxonomy":"post_tag","embeddable":true,"href":"https:\/\/lahora.mx\/index.php\/wp-json\/wp\/v2\/tags?post=46638"}],"curies":[{"name":"wp","href":"https:\/\/api.w.org\/{rel}","templated":true}]}}