{"id":46634,"date":"2024-05-01T13:53:10","date_gmt":"2024-05-01T13:53:10","guid":{"rendered":"http:\/\/lahora.mx\/?p=46634"},"modified":"2024-05-29T13:59:57","modified_gmt":"2024-05-29T13:59:57","slug":"el-titular-del-ejecutivo-estatal-presidio-la-ceremonia-conmemorativa-al-dia-internacional-del-trabajo","status":"publish","type":"post","link":"https:\/\/lahora.mx\/index.php\/2024\/05\/01\/el-titular-del-ejecutivo-estatal-presidio-la-ceremonia-conmemorativa-al-dia-internacional-del-trabajo\/","title":{"rendered":"El titular del Ejecutivo estatal presidi\u00f3 la Ceremonia Conmemorativa al D\u00eda Internacional del Trabajo"},"content":{"rendered":"\n<p>El titular del Ejecutivo estatal presidi\u00f3 la Ceremonia Conmemorativa al D\u00eda Internacional del Trabajo.<\/p>\n\n\n\n<p>Ante representantes del sector, el encargado de despacho de la Secretar\u00eda de Trabajo recalc\u00f3 que esta fecha recuerda la lucha hist\u00f3rica por las personas trabajadoras para dignificar sus condiciones de subsistencia y bienestar laboral.<\/p>\n\n\n\n<p>A\u00f1adi\u00f3 que actualmente en Puebla y M\u00e9xico est\u00e1n garantizados los derechos laborales. Reconoci\u00f3 a las y los trabajadores por la dedicaci\u00f3n y esfuerzo que realizan d\u00eda a d\u00eda para que sus familias tengan una mejor calidad de vida.<\/p>\n","protected":false},"excerpt":{"rendered":"<p>El titular del Ejecutivo estatal presidi\u00f3 la Ceremonia Conmemorativa al D\u00eda Internacional del Trabajo. Ante representantes del sector, el encargado de despacho de la Secretar\u00eda de Trabajo recalc\u00f3 que esta fecha recuerda la lucha hist\u00f3rica por las personas trabajadoras para dignificar sus condiciones de subsistencia y bienestar laboral. A\u00f1adi\u00f3 que actualmente en Puebla y M\u00e9xico [&hellip;]<\/p>\n","protected":false},"author":4,"featured_media":46635,"comment_status":"open","ping_status":"open","sticky":false,"template":"","format":"standard","meta":{"om_disable_all_campaigns":false,"_monsterinsights_skip_tracking":false,"_monsterinsights_sitenote_active":false,"_monsterinsights_sitenote_note":"","_monsterinsights_sitenote_category":0,"footnotes":""},"categories":[175],"tags":[239,223],"class_list":["post-46634","post","type-post","status-publish","format-standard","has-post-thumbnail","hentry","category-local","tag-gobierno","tag-puebla"],"amp_enabled":true,"_links":{"self":[{"href":"https:\/\/lahora.mx\/index.php\/wp-json\/wp\/v2\/posts\/46634","targetHints":{"allow":["GET"]}}],"collection":[{"href":"https:\/\/lahora.mx\/index.php\/wp-json\/wp\/v2\/posts"}],"about":[{"href":"https:\/\/lahora.mx\/index.php\/wp-json\/wp\/v2\/types\/post"}],"author":[{"embeddable":true,"href":"https:\/\/lahora.mx\/index.php\/wp-json\/wp\/v2\/users\/4"}],"replies":[{"embeddable":true,"href":"https:\/\/lahora.mx\/index.php\/wp-json\/wp\/v2\/comments?post=46634"}],"version-history":[{"count":1,"href":"https:\/\/lahora.mx\/index.php\/wp-json\/wp\/v2\/posts\/46634\/revisions"}],"predecessor-version":[{"id":46636,"href":"https:\/\/lahora.mx\/index.php\/wp-json\/wp\/v2\/posts\/46634\/revisions\/46636"}],"wp:featuredmedia":[{"embeddable":true,"href":"https:\/\/lahora.mx\/index.php\/wp-json\/wp\/v2\/media\/46635"}],"wp:attachment":[{"href":"https:\/\/lahora.mx\/index.php\/wp-json\/wp\/v2\/media?parent=46634"}],"wp:term":[{"taxonomy":"category","embeddable":true,"href":"https:\/\/lahora.mx\/index.php\/wp-json\/wp\/v2\/categories?post=46634"},{"taxonomy":"post_tag","embeddable":true,"href":"https:\/\/lahora.mx\/index.php\/wp-json\/wp\/v2\/tags?post=46634"}],"curies":[{"name":"wp","href":"https:\/\/api.w.org\/{rel}","templated":true}]}}