{"id":464,"date":"2021-12-06T00:45:30","date_gmt":"2021-12-06T00:45:30","guid":{"rendered":"http:\/\/lahora.mx\/?p=464"},"modified":"2021-12-06T02:02:56","modified_gmt":"2021-12-06T02:02:56","slug":"rescatan-a-210-migrantes-en-puebla-tras-percecucion","status":"publish","type":"post","link":"https:\/\/lahora.mx\/index.php\/2021\/12\/06\/rescatan-a-210-migrantes-en-puebla-tras-percecucion\/","title":{"rendered":"Rescatan a 210 migrantes en Puebla tras percecuci\u00f3n"},"content":{"rendered":"<p>El Instituto Nacional de Migraci\u00f3n (INM), con apoyo de la Guardia Nacional, rescat\u00f3 a 210 migrantes que viajaban hacinados en la caja de un tr\u00e1iler.<!--more--><\/p>\n<p>Este 4 de diciembre, agentes federales de Migraci\u00f3n marcaron el alto al tr\u00e1iler en un punto de revisi\u00f3n en el municipio Esperanza, Puebla, y al no detenerse se inici\u00f3 una persecuci\u00f3n para darle alcance cerca de la localidad de Tecamachalco.<\/p>\n<p>Golpes y gritos evidenciaron la presencia de personas al interior del cami\u00f3n. Tras abrir una puerta se encontraron mujeres y hombres adultos, j\u00f3venes y menores de edad entre andamios de metal, cobijas y ventiladores caseros acondicionados.<\/p>\n<p>El conductor y el tr\u00e1iler quedaron a disposici\u00f3n de la Fiscal\u00eda General de la Rep\u00fablica (FGR) por la probable comisi\u00f3n del delito de tr\u00e1fico de personas.<\/p>\n<p><a href=\"https:\/\/www.unotv.com\/estados\/puebla\/tras-persecucion-rescatan-en-puebla-a-210-migrantes-que-viajaban-hacinados-en-un-trailer\/\">Fuente: UnoTV<\/a><\/p>\n","protected":false},"excerpt":{"rendered":"<p>El Instituto Nacional de Migraci\u00f3n (INM), con apoyo de la Guardia Nacional, rescat\u00f3 a 210 migrantes que viajaban hacinados en la caja de un tr\u00e1iler.<\/p>\n","protected":false},"author":1,"featured_media":465,"comment_status":"open","ping_status":"open","sticky":false,"template":"","format":"standard","meta":{"om_disable_all_campaigns":false,"_monsterinsights_skip_tracking":false,"_monsterinsights_sitenote_active":false,"_monsterinsights_sitenote_note":"","_monsterinsights_sitenote_category":0,"footnotes":""},"categories":[175],"tags":[60,185],"class_list":["post-464","post","type-post","status-publish","format-standard","has-post-thumbnail","hentry","category-local","tag-featured","tag-migrantes"],"amp_enabled":true,"_links":{"self":[{"href":"https:\/\/lahora.mx\/index.php\/wp-json\/wp\/v2\/posts\/464","targetHints":{"allow":["GET"]}}],"collection":[{"href":"https:\/\/lahora.mx\/index.php\/wp-json\/wp\/v2\/posts"}],"about":[{"href":"https:\/\/lahora.mx\/index.php\/wp-json\/wp\/v2\/types\/post"}],"author":[{"embeddable":true,"href":"https:\/\/lahora.mx\/index.php\/wp-json\/wp\/v2\/users\/1"}],"replies":[{"embeddable":true,"href":"https:\/\/lahora.mx\/index.php\/wp-json\/wp\/v2\/comments?post=464"}],"version-history":[{"count":1,"href":"https:\/\/lahora.mx\/index.php\/wp-json\/wp\/v2\/posts\/464\/revisions"}],"predecessor-version":[{"id":466,"href":"https:\/\/lahora.mx\/index.php\/wp-json\/wp\/v2\/posts\/464\/revisions\/466"}],"wp:featuredmedia":[{"embeddable":true,"href":"https:\/\/lahora.mx\/index.php\/wp-json\/wp\/v2\/media\/465"}],"wp:attachment":[{"href":"https:\/\/lahora.mx\/index.php\/wp-json\/wp\/v2\/media?parent=464"}],"wp:term":[{"taxonomy":"category","embeddable":true,"href":"https:\/\/lahora.mx\/index.php\/wp-json\/wp\/v2\/categories?post=464"},{"taxonomy":"post_tag","embeddable":true,"href":"https:\/\/lahora.mx\/index.php\/wp-json\/wp\/v2\/tags?post=464"}],"curies":[{"name":"wp","href":"https:\/\/api.w.org\/{rel}","templated":true}]}}