{"id":46345,"date":"2024-05-23T01:08:02","date_gmt":"2024-05-23T01:08:02","guid":{"rendered":"http:\/\/lahora.mx\/?p=46345"},"modified":"2024-05-23T01:08:02","modified_gmt":"2024-05-23T01:08:02","slug":"reportan-segundo-caso-de-gripe-aviar-en-humanos-por-epidemia-en-vacas-en-eu","status":"publish","type":"post","link":"https:\/\/lahora.mx\/index.php\/2024\/05\/23\/reportan-segundo-caso-de-gripe-aviar-en-humanos-por-epidemia-en-vacas-en-eu\/","title":{"rendered":"Reportan segundo caso de gripe aviar en humanos por epidemia en vacas en EU"},"content":{"rendered":"\n<p>Dos meses despu\u00e9s del primer caso en Estados Unidos, autoridades sanitarias reportaron el mi\u00e9rcoles un segundo caso de gripe aviar en humanos relacionado con una epidemia de este virus que se propaga en el ganado vacuno.<\/p>\n\n\n\n<p>El individuo afectado trabaja en una granja del estado de Michigan donde el virus H5N1 fue descubierto en vacas lecheras, precisaron los Centros de Prevenci\u00f3n y Control de Enfermedades (CDC).<\/p>\n\n\n\n<p>Para las autoridades sanitarias, la evaluaci\u00f3n del riesgo para la poblaci\u00f3n estadounidense sigue siendo \u00abbaja\u00bb.<\/p>\n\n\n\n<p>Un primer caso en Texas, que fue anunciado el 1 de abril, fue \u00abprobablemente\u00bb el primero a nivel mundial de infecci\u00f3n de gripe aviar a trav\u00e9s de un vacuno, seg\u00fan los CDC.<\/p>\n\n\n\n<p>La persona que se infect\u00f3 en Michigan, al igual que en el caso de Texas, solo present\u00f3 s\u00edntomas en los ojos, detallaron los CDC.<\/p>\n\n\n\n<p>Un primer caso de gripe aviar -que se transmiti\u00f3 por aves- ya hab\u00eda sido detectado en un humano en el central estado de Colorado en 2022.<\/p>\n\n\n\n<p>El n\u00famero en aumento de mam\u00edferos infectados por esta enfermedad alerta a los expertos, a\u00fan cuando los casos en humanos son inusuales.<\/p>\n\n\n\n<p>Por ahora, no hay pruebas de que haya transmisi\u00f3n entre humanos, pero los cient\u00edficos temen que una circulaci\u00f3n masiva cree una mutaci\u00f3n del virus que lo haga transmisible.<\/p>\n","protected":false},"excerpt":{"rendered":"<p>Dos meses despu\u00e9s del primer caso en Estados Unidos, autoridades sanitarias reportaron el mi\u00e9rcoles un segundo caso de gripe aviar en humanos relacionado con una epidemia de este virus que se propaga en el ganado vacuno. El individuo afectado trabaja en una granja del estado de Michigan donde el virus H5N1 fue descubierto en vacas [&hellip;]<\/p>\n","protected":false},"author":4,"featured_media":46346,"comment_status":"open","ping_status":"open","sticky":false,"template":"","format":"standard","meta":{"om_disable_all_campaigns":false,"_monsterinsights_skip_tracking":false,"_monsterinsights_sitenote_active":false,"_monsterinsights_sitenote_note":"","_monsterinsights_sitenote_category":0,"footnotes":""},"categories":[183],"tags":[223],"class_list":["post-46345","post","type-post","status-publish","format-standard","has-post-thumbnail","hentry","category-internacional","tag-puebla"],"amp_enabled":true,"_links":{"self":[{"href":"https:\/\/lahora.mx\/index.php\/wp-json\/wp\/v2\/posts\/46345","targetHints":{"allow":["GET"]}}],"collection":[{"href":"https:\/\/lahora.mx\/index.php\/wp-json\/wp\/v2\/posts"}],"about":[{"href":"https:\/\/lahora.mx\/index.php\/wp-json\/wp\/v2\/types\/post"}],"author":[{"embeddable":true,"href":"https:\/\/lahora.mx\/index.php\/wp-json\/wp\/v2\/users\/4"}],"replies":[{"embeddable":true,"href":"https:\/\/lahora.mx\/index.php\/wp-json\/wp\/v2\/comments?post=46345"}],"version-history":[{"count":1,"href":"https:\/\/lahora.mx\/index.php\/wp-json\/wp\/v2\/posts\/46345\/revisions"}],"predecessor-version":[{"id":46347,"href":"https:\/\/lahora.mx\/index.php\/wp-json\/wp\/v2\/posts\/46345\/revisions\/46347"}],"wp:featuredmedia":[{"embeddable":true,"href":"https:\/\/lahora.mx\/index.php\/wp-json\/wp\/v2\/media\/46346"}],"wp:attachment":[{"href":"https:\/\/lahora.mx\/index.php\/wp-json\/wp\/v2\/media?parent=46345"}],"wp:term":[{"taxonomy":"category","embeddable":true,"href":"https:\/\/lahora.mx\/index.php\/wp-json\/wp\/v2\/categories?post=46345"},{"taxonomy":"post_tag","embeddable":true,"href":"https:\/\/lahora.mx\/index.php\/wp-json\/wp\/v2\/tags?post=46345"}],"curies":[{"name":"wp","href":"https:\/\/api.w.org\/{rel}","templated":true}]}}